{"id":731,"date":"2025-01-29T12:05:49","date_gmt":"2025-01-29T11:05:49","guid":{"rendered":"https:\/\/loisirs-cyclisme-crevecoeur.com\/?p=731"},"modified":"2025-02-14T16:02:31","modified_gmt":"2025-02-14T15:02:31","slug":"prix-cycliste-du-printemps-2025","status":"publish","type":"post","link":"https:\/\/loisirs-cyclisme-crevecoeur.com\/index.php\/2025\/01\/29\/prix-cycliste-du-printemps-2025\/","title":{"rendered":"Prix Cycliste du Printemps 2025"},"content":{"rendered":"\n<div class=\"wp-block-media-text is-stacked-on-mobile\"><figure class=\"wp-block-media-text__media\"><img loading=\"lazy\" decoding=\"async\" width=\"724\" height=\"1024\" src=\"https:\/\/loisirs-cyclisme-crevecoeur.com\/wp-content\/uploads\/2025\/01\/Affiche-Prix-du-Printemps-2025-724x1024.png\" alt=\"\" class=\"wp-image-733 size-full\" srcset=\"https:\/\/loisirs-cyclisme-crevecoeur.com\/wp-content\/uploads\/2025\/01\/Affiche-Prix-du-Printemps-2025-724x1024.png 724w, https:\/\/loisirs-cyclisme-crevecoeur.com\/wp-content\/uploads\/2025\/01\/Affiche-Prix-du-Printemps-2025-212x300.png 212w, https:\/\/loisirs-cyclisme-crevecoeur.com\/wp-content\/uploads\/2025\/01\/Affiche-Prix-du-Printemps-2025-768x1086.png 768w, https:\/\/loisirs-cyclisme-crevecoeur.com\/wp-content\/uploads\/2025\/01\/Affiche-Prix-du-Printemps-2025-1086x1536.png 1086w, https:\/\/loisirs-cyclisme-crevecoeur.com\/wp-content\/uploads\/2025\/01\/Affiche-Prix-du-Printemps-2025-1448x2048.png 1448w, https:\/\/loisirs-cyclisme-crevecoeur.com\/wp-content\/uploads\/2025\/01\/Affiche-Prix-du-Printemps-2025.png 1587w\" sizes=\"auto, (max-width: 724px) 100vw, 724px\" \/><\/figure><div class=\"wp-block-media-text__content\">\n<p>Nous aurons le plaisir de vous accueillir une nouvelle fois cette ann\u00e9e pour notre Prix Printemps \u00e0 Cr\u00e8vec\u0153ur le Grand.<\/p>\n\n\n\n<p>RDV le 23 Mars!<\/p>\n\n\n\n<p>Nous remercions la ville de <a href=\"https:\/\/www.facebook.com\/ville.de.crevecoeur.le.grand?__cft__[0]=AZX_Hmuf5v5RxBuJowb-vIRCxVjowLqueWHaLrrnL8qZb5URGlypSdIhC5KPzfC9dzC1lCJDGZbJcG_5F6w0CNTbt3r_HhGDxBUhDtHo7oSEOZl6EZ7X4E08harZyMOJKxOIib7vCJra2KjY_OvtxTCdfTxl8qS80GzbGLST3fPtTvDDviXSdOFcbRm2IUP0Bm0&amp;__tn__=-]K-R\">Cr\u00e8vec\u0153ur-le-Grand<\/a> pour son soutien ainsi que l&#8217;ensemble de nos sponsors et b\u00e9n\u00e9voles.<\/p>\n\n\n\n<p>Nous <a><\/a>vous attendons nombreux <img loading=\"lazy\" decoding=\"async\" height=\"16\" width=\"16\" alt=\"\ud83d\ude09\" src=\"https:\/\/static.xx.fbcdn.net\/images\/emoji.php\/v9\/t57\/1\/16\/1f609.png\"><img loading=\"lazy\" decoding=\"async\" height=\"16\" width=\"16\" alt=\"\ud83d\udeb4\u200d\u2640\ufe0f\" src=\"https:\/\/static.xx.fbcdn.net\/images\/emoji.php\/v9\/te\/1\/16\/1f6b4_200d_2640.png\"><img loading=\"lazy\" decoding=\"async\" height=\"16\" width=\"16\" alt=\"\ud83d\udeb4\" src=\"https:\/\/static.xx.fbcdn.net\/images\/emoji.php\/v9\/te0\/1\/16\/1f6b4.png\"><img loading=\"lazy\" decoding=\"async\" height=\"16\" width=\"16\" alt=\"\ud83d\udeb4\u200d\u2642\ufe0f\" src=\"https:\/\/static.xx.fbcdn.net\/images\/emoji.php\/v9\/t10\/1\/16\/1f6b4_200d_2642.png\"><\/p>\n\n\n\n<p><a href=\"https:\/\/www.facebook.com\/profile.php?id=100043287133744&amp;__cft__[0]=AZX_Hmuf5v5RxBuJowb-vIRCxVjowLqueWHaLrrnL8qZb5URGlypSdIhC5KPzfC9dzC1lCJDGZbJcG_5F6w0CNTbt3r_HhGDxBUhDtHo7oSEOZl6EZ7X4E08harZyMOJKxOIib7vCJra2KjY_OvtxTCdfTxl8qS80GzbGLST3fPtTvDDviXSdOFcbRm2IUP0Bm0&amp;__tn__=-]K-R\">Serrurerie De BAETS<\/a><\/p>\n\n\n\n<p><a href=\"https:\/\/www.facebook.com\/picarbureservices?__cft__[0]=AZX_Hmuf5v5RxBuJowb-vIRCxVjowLqueWHaLrrnL8qZb5URGlypSdIhC5KPzfC9dzC1lCJDGZbJcG_5F6w0CNTbt3r_HhGDxBUhDtHo7oSEOZl6EZ7X4E08harZyMOJKxOIib7vCJra2KjY_OvtxTCdfTxl8qS80GzbGLST3fPtTvDDviXSdOFcbRm2IUP0Bm0&amp;__tn__=-]K-R\">Picarbure Services<\/a><\/p>\n\n\n\n<p><a href=\"https:\/\/www.facebook.com\/profile.php?id=100054403244838&amp;__cft__[0]=AZX_Hmuf5v5RxBuJowb-vIRCxVjowLqueWHaLrrnL8qZb5URGlypSdIhC5KPzfC9dzC1lCJDGZbJcG_5F6w0CNTbt3r_HhGDxBUhDtHo7oSEOZl6EZ7X4E08harZyMOJKxOIib7vCJra2KjY_OvtxTCdfTxl8qS80GzbGLST3fPtTvDDviXSdOFcbRm2IUP0Bm0&amp;__tn__=-]K-R\">Charcuterie Belleperche.<\/a><\/p>\n\n\n\n<p>Restaurant Jean-Pierre MILLE \u00e0 Haute Epine<\/p>\n\n\n\n<p><a href=\"https:\/\/www.facebook.com\/profile.php?id=100088918017339&amp;__cft__[0]=AZX_Hmuf5v5RxBuJowb-vIRCxVjowLqueWHaLrrnL8qZb5URGlypSdIhC5KPzfC9dzC1lCJDGZbJcG_5F6w0CNTbt3r_HhGDxBUhDtHo7oSEOZl6EZ7X4E08harZyMOJKxOIib7vCJra2KjY_OvtxTCdfTxl8qS80GzbGLST3fPtTvDDviXSdOFcbRm2IUP0Bm0&amp;__tn__=-]K-R\">Cycles Cl\u00e9mer<\/a><\/p>\n\n\n\n<p>*Course ouverte uniquement aux licenci\u00e9s UFOLEP<\/p>\n<\/div><\/div>\n","protected":false},"excerpt":{"rendered":"<p>Nous aurons le plaisir de vous accueillir une nouvelle fois cette ann\u00e9e pour notre Prix Printemps \u00e0 Cr\u00e8vec\u0153ur le Grand. [&hellip;]<\/p>\n","protected":false},"author":2,"featured_media":733,"comment_status":"closed","ping_status":"closed","sticky":false,"template":"","format":"standard","meta":{"_uag_custom_page_level_css":"","site-sidebar-layout":"default","site-content-layout":"","ast-site-content-layout":"","site-content-style":"default","site-sidebar-style":"default","ast-global-header-display":"","ast-banner-title-visibility":"","ast-main-header-display":"","ast-hfb-above-header-display":"","ast-hfb-below-header-display":"","ast-hfb-mobile-header-display":"","site-post-title":"","ast-breadcrumbs-content":"","ast-featured-img":"disabled","footer-sml-layout":"","ast-disable-related-posts":"","theme-transparent-header-meta":"","adv-header-id-meta":"","stick-header-meta":"","header-above-stick-meta":"","header-main-stick-meta":"","header-below-stick-meta":"","astra-migrate-meta-layouts":"default","ast-page-background-enabled":"default","ast-page-background-meta":{"desktop":{"background-color":"var(--ast-global-color-4)","background-image":"","background-repeat":"repeat","background-position":"center center","background-size":"auto","background-attachment":"scroll","background-type":"","background-media":"","overlay-type":"","overlay-color":"","overlay-opacity":"","overlay-gradient":""},"tablet":{"background-color":"","background-image":"","background-repeat":"repeat","background-position":"center center","background-size":"auto","background-attachment":"scroll","background-type":"","background-media":"","overlay-type":"","overlay-color":"","overlay-opacity":"","overlay-gradient":""},"mobile":{"background-color":"","background-image":"","background-repeat":"repeat","background-position":"center center","background-size":"auto","background-attachment":"scroll","background-type":"","background-media":"","overlay-type":"","overlay-color":"","overlay-opacity":"","overlay-gradient":""}},"ast-content-background-meta":{"desktop":{"background-color":"var(--ast-global-color-5)","background-image":"","background-repeat":"repeat","background-position":"center center","background-size":"auto","background-attachment":"scroll","background-type":"","background-media":"","overlay-type":"","overlay-color":"","overlay-opacity":"","overlay-gradient":""},"tablet":{"background-color":"var(--ast-global-color-5)","background-image":"","background-repeat":"repeat","background-position":"center center","background-size":"auto","background-attachment":"scroll","background-type":"","background-media":"","overlay-type":"","overlay-color":"","overlay-opacity":"","overlay-gradient":""},"mobile":{"background-color":"var(--ast-global-color-5)","background-image":"","background-repeat":"repeat","background-position":"center center","background-size":"auto","background-attachment":"scroll","background-type":"","background-media":"","overlay-type":"","overlay-color":"","overlay-opacity":"","overlay-gradient":""}},"footnotes":""},"categories":[13],"tags":[32],"class_list":["post-731","post","type-post","status-publish","format-standard","has-post-thumbnail","hentry","category-nos-organisations","tag-32"],"uagb_featured_image_src":{"full":["https:\/\/loisirs-cyclisme-crevecoeur.com\/wp-content\/uploads\/2025\/01\/Affiche-Prix-du-Printemps-2025.png",1587,2245,false],"thumbnail":["https:\/\/loisirs-cyclisme-crevecoeur.com\/wp-content\/uploads\/2025\/01\/Affiche-Prix-du-Printemps-2025-150x150.png",150,150,true],"medium":["https:\/\/loisirs-cyclisme-crevecoeur.com\/wp-content\/uploads\/2025\/01\/Affiche-Prix-du-Printemps-2025-212x300.png",212,300,true],"medium_large":["https:\/\/loisirs-cyclisme-crevecoeur.com\/wp-content\/uploads\/2025\/01\/Affiche-Prix-du-Printemps-2025-768x1086.png",768,1086,true],"large":["https:\/\/loisirs-cyclisme-crevecoeur.com\/wp-content\/uploads\/2025\/01\/Affiche-Prix-du-Printemps-2025-724x1024.png",724,1024,true],"1536x1536":["https:\/\/loisirs-cyclisme-crevecoeur.com\/wp-content\/uploads\/2025\/01\/Affiche-Prix-du-Printemps-2025-1086x1536.png",1086,1536,true],"2048x2048":["https:\/\/loisirs-cyclisme-crevecoeur.com\/wp-content\/uploads\/2025\/01\/Affiche-Prix-du-Printemps-2025-1448x2048.png",1448,2048,true]},"uagb_author_info":{"display_name":"Julien Plais","author_link":"https:\/\/loisirs-cyclisme-crevecoeur.com\/index.php\/author\/julien\/"},"uagb_comment_info":0,"uagb_excerpt":"Nous aurons le plaisir de vous accueillir une nouvelle fois cette ann\u00e9e pour notre Prix Printemps \u00e0 Cr\u00e8vec\u0153ur le Grand. [&hellip;]","_links":{"self":[{"href":"https:\/\/loisirs-cyclisme-crevecoeur.com\/index.php\/wp-json\/wp\/v2\/posts\/731","targetHints":{"allow":["GET"]}}],"collection":[{"href":"https:\/\/loisirs-cyclisme-crevecoeur.com\/index.php\/wp-json\/wp\/v2\/posts"}],"about":[{"href":"https:\/\/loisirs-cyclisme-crevecoeur.com\/index.php\/wp-json\/wp\/v2\/types\/post"}],"author":[{"embeddable":true,"href":"https:\/\/loisirs-cyclisme-crevecoeur.com\/index.php\/wp-json\/wp\/v2\/users\/2"}],"replies":[{"embeddable":true,"href":"https:\/\/loisirs-cyclisme-crevecoeur.com\/index.php\/wp-json\/wp\/v2\/comments?post=731"}],"version-history":[{"count":3,"href":"https:\/\/loisirs-cyclisme-crevecoeur.com\/index.php\/wp-json\/wp\/v2\/posts\/731\/revisions"}],"predecessor-version":[{"id":736,"href":"https:\/\/loisirs-cyclisme-crevecoeur.com\/index.php\/wp-json\/wp\/v2\/posts\/731\/revisions\/736"}],"wp:featuredmedia":[{"embeddable":true,"href":"https:\/\/loisirs-cyclisme-crevecoeur.com\/index.php\/wp-json\/wp\/v2\/media\/733"}],"wp:attachment":[{"href":"https:\/\/loisirs-cyclisme-crevecoeur.com\/index.php\/wp-json\/wp\/v2\/media?parent=731"}],"wp:term":[{"taxonomy":"category","embeddable":true,"href":"https:\/\/loisirs-cyclisme-crevecoeur.com\/index.php\/wp-json\/wp\/v2\/categories?post=731"},{"taxonomy":"post_tag","embeddable":true,"href":"https:\/\/loisirs-cyclisme-crevecoeur.com\/index.php\/wp-json\/wp\/v2\/tags?post=731"}],"curies":[{"name":"wp","href":"https:\/\/api.w.org\/{rel}","templated":true}]}}