{"id":642,"date":"2019-10-03T22:28:30","date_gmt":"2019-10-03T20:28:30","guid":{"rendered":"https:\/\/www.loisirs-cyclisme-crevecoeur.com\/?p=642"},"modified":"2024-11-05T12:24:01","modified_gmt":"2024-11-05T11:24:01","slug":"resultats-de-septembre-2019","status":"publish","type":"post","link":"https:\/\/loisirs-cyclisme-crevecoeur.com\/index.php\/2019\/10\/03\/resultats-de-septembre-2019\/","title":{"rendered":"R\u00e9sultats de septembre 2019"},"content":{"rendered":"<p>Le LCC a termin\u00e9 la saison route comme il l&#8217;avait commenc\u00e9, en trombe!<\/p>\n<p>Pierre Bettiol a gagn\u00e9 \u00e0 Br\u00e9tigny le 1er septembre.<\/p>\n<p><img loading=\"lazy\" decoding=\"async\" class=\"size-medium wp-image-643 aligncenter\" src=\"https:\/\/www.loisirs-cyclisme-crevecoeur.com\/wp-content\/uploads\/2019\/10\/bettiol_bretigny_01_09_19-300x225.jpg\" alt=\"\" width=\"300\" height=\"225\" srcset=\"https:\/\/loisirs-cyclisme-crevecoeur.com\/wp-content\/uploads\/2019\/10\/bettiol_bretigny_01_09_19-300x225.jpg 300w, https:\/\/loisirs-cyclisme-crevecoeur.com\/wp-content\/uploads\/2019\/10\/bettiol_bretigny_01_09_19-768x576.jpg 768w, https:\/\/loisirs-cyclisme-crevecoeur.com\/wp-content\/uploads\/2019\/10\/bettiol_bretigny_01_09_19.jpg 960w\" sizes=\"auto, (max-width: 300px) 100vw, 300px\" \/><\/p>\n<p>Geoffrey Choron a gagn\u00e9 &#8220;sur ses terres&#8221; \u00e0 Ressons s\/ Matz en 1\u00e8re cat\u00e9gorie.<\/p>\n<p>Paul Seuwin a gagn\u00e9 le classement scratch du contre la montre individuel de Gastins (77) le 08 septembre.<\/p>\n<p><img loading=\"lazy\" decoding=\"async\" class=\"size-medium wp-image-644 aligncenter\" src=\"https:\/\/www.loisirs-cyclisme-crevecoeur.com\/wp-content\/uploads\/2019\/10\/seuwin_gastins_08_09_19-225x300.jpg\" alt=\"\" width=\"225\" height=\"300\" srcset=\"https:\/\/loisirs-cyclisme-crevecoeur.com\/wp-content\/uploads\/2019\/10\/seuwin_gastins_08_09_19-225x300.jpg 225w, https:\/\/loisirs-cyclisme-crevecoeur.com\/wp-content\/uploads\/2019\/10\/seuwin_gastins_08_09_19.jpg 615w\" sizes=\"auto, (max-width: 225px) 100vw, 225px\" \/><\/p>\n<p>L&#8217;apr\u00e8s midi, toujours \u00e0 Gastins, l&#8217;\u00e9quipe compos\u00e9 de Geoffrey Choron, Olivier De Saint Fuscien, Paul Seuwin et Micka\u00ebl Sueur a remport\u00e9 l&#8217;\u00e9preuve contre la montre par \u00e9quipe.<\/p>\n<p><img loading=\"lazy\" decoding=\"async\" class=\"size-medium wp-image-645 aligncenter\" src=\"https:\/\/www.loisirs-cyclisme-crevecoeur.com\/wp-content\/uploads\/2019\/10\/equipe_gastins_08_09_19-300x225.jpg\" alt=\"\" width=\"300\" height=\"225\" srcset=\"https:\/\/loisirs-cyclisme-crevecoeur.com\/wp-content\/uploads\/2019\/10\/equipe_gastins_08_09_19-300x225.jpg 300w, https:\/\/loisirs-cyclisme-crevecoeur.com\/wp-content\/uploads\/2019\/10\/equipe_gastins_08_09_19-768x576.jpg 768w, https:\/\/loisirs-cyclisme-crevecoeur.com\/wp-content\/uploads\/2019\/10\/equipe_gastins_08_09_19-1024x768.jpg 1024w, https:\/\/loisirs-cyclisme-crevecoeur.com\/wp-content\/uploads\/2019\/10\/equipe_gastins_08_09_19.jpg 1080w\" sizes=\"auto, (max-width: 300px) 100vw, 300px\" \/><\/p>\n<p>Ce m\u00eame jour, Pierre Bettiol a gagn\u00e9 la course de Ham (80) en 1\u00e8re cat\u00e9gorie.<\/p>\n<p><img loading=\"lazy\" decoding=\"async\" class=\"size-medium wp-image-646 aligncenter\" src=\"https:\/\/www.loisirs-cyclisme-crevecoeur.com\/wp-content\/uploads\/2019\/10\/bettiol_ham_08_09_19-300x240.jpg\" alt=\"\" width=\"300\" height=\"240\" srcset=\"https:\/\/loisirs-cyclisme-crevecoeur.com\/wp-content\/uploads\/2019\/10\/bettiol_ham_08_09_19-300x240.jpg 300w, https:\/\/loisirs-cyclisme-crevecoeur.com\/wp-content\/uploads\/2019\/10\/bettiol_ham_08_09_19-768x615.jpg 768w, https:\/\/loisirs-cyclisme-crevecoeur.com\/wp-content\/uploads\/2019\/10\/bettiol_ham_08_09_19-1024x820.jpg 1024w, https:\/\/loisirs-cyclisme-crevecoeur.com\/wp-content\/uploads\/2019\/10\/bettiol_ham_08_09_19.jpg 2044w\" sizes=\"auto, (max-width: 300px) 100vw, 300px\" \/><\/p>\n<p>Geoffrey Choron s&#8217;est impos\u00e9 \u00e0 Mouy le 14 septembre.<\/p>\n<p><img loading=\"lazy\" decoding=\"async\" class=\"size-medium wp-image-647 aligncenter\" src=\"https:\/\/www.loisirs-cyclisme-crevecoeur.com\/wp-content\/uploads\/2019\/10\/choron_mouy_14_09_19-300x225.jpg\" alt=\"\" width=\"300\" height=\"225\" srcset=\"https:\/\/loisirs-cyclisme-crevecoeur.com\/wp-content\/uploads\/2019\/10\/choron_mouy_14_09_19-300x225.jpg 300w, https:\/\/loisirs-cyclisme-crevecoeur.com\/wp-content\/uploads\/2019\/10\/choron_mouy_14_09_19-768x576.jpg 768w, https:\/\/loisirs-cyclisme-crevecoeur.com\/wp-content\/uploads\/2019\/10\/choron_mouy_14_09_19.jpg 1024w\" sizes=\"auto, (max-width: 300px) 100vw, 300px\" \/><\/p>\n<p>Le lendemain, dimanche 15, Victor Domange a gagn\u00e9 le criterium du Haut Vill\u00e9 \u00e0 Beauvais.<\/p>\n<p><img loading=\"lazy\" decoding=\"async\" class=\"size-medium wp-image-648 aligncenter\" src=\"https:\/\/www.loisirs-cyclisme-crevecoeur.com\/wp-content\/uploads\/2019\/10\/domange_beauvais_15_09_19-300x200.jpg\" alt=\"\" width=\"300\" height=\"200\" srcset=\"https:\/\/loisirs-cyclisme-crevecoeur.com\/wp-content\/uploads\/2019\/10\/domange_beauvais_15_09_19-300x200.jpg 300w, https:\/\/loisirs-cyclisme-crevecoeur.com\/wp-content\/uploads\/2019\/10\/domange_beauvais_15_09_19-768x512.jpg 768w, https:\/\/loisirs-cyclisme-crevecoeur.com\/wp-content\/uploads\/2019\/10\/domange_beauvais_15_09_19-1024x683.jpg 1024w, https:\/\/loisirs-cyclisme-crevecoeur.com\/wp-content\/uploads\/2019\/10\/domange_beauvais_15_09_19-770x513.jpg 770w, https:\/\/loisirs-cyclisme-crevecoeur.com\/wp-content\/uploads\/2019\/10\/domange_beauvais_15_09_19-370x247.jpg 370w, https:\/\/loisirs-cyclisme-crevecoeur.com\/wp-content\/uploads\/2019\/10\/domange_beauvais_15_09_19.jpg 1080w\" sizes=\"auto, (max-width: 300px) 100vw, 300px\" \/><\/p>\n<p>Le 22 septembre Pierre Bettiol s&#8217;est impos\u00e9 \u00e0 Le Meux.<\/p>\n<p><img loading=\"lazy\" decoding=\"async\" class=\"size-medium wp-image-649 aligncenter\" src=\"https:\/\/www.loisirs-cyclisme-crevecoeur.com\/wp-content\/uploads\/2019\/10\/bettiol_le_meux_22_09_19-300x169.jpg\" alt=\"\" width=\"300\" height=\"169\" srcset=\"https:\/\/loisirs-cyclisme-crevecoeur.com\/wp-content\/uploads\/2019\/10\/bettiol_le_meux_22_09_19-300x169.jpg 300w, https:\/\/loisirs-cyclisme-crevecoeur.com\/wp-content\/uploads\/2019\/10\/bettiol_le_meux_22_09_19-768x432.jpg 768w, https:\/\/loisirs-cyclisme-crevecoeur.com\/wp-content\/uploads\/2019\/10\/bettiol_le_meux_22_09_19-1024x576.jpg 1024w, https:\/\/loisirs-cyclisme-crevecoeur.com\/wp-content\/uploads\/2019\/10\/bettiol_le_meux_22_09_19.jpg 1137w\" sizes=\"auto, (max-width: 300px) 100vw, 300px\" \/><\/p>\n<p>Et enfin, sur sa lanc\u00e9e du National CLM, Micka\u00ebl Sueur a remport\u00e9 l&#8217;\u00e9preuve de cl\u00f4ture de la saison route le dimanche 29\/09 \u00e0 Saint Maximin!<\/p>\n<p><img loading=\"lazy\" decoding=\"async\" class=\"size-medium wp-image-650 aligncenter\" src=\"https:\/\/www.loisirs-cyclisme-crevecoeur.com\/wp-content\/uploads\/2019\/10\/sueur_st_maximin_29_09_19-169x300.jpg\" alt=\"\" width=\"169\" height=\"300\" srcset=\"https:\/\/loisirs-cyclisme-crevecoeur.com\/wp-content\/uploads\/2019\/10\/sueur_st_maximin_29_09_19-169x300.jpg 169w, https:\/\/loisirs-cyclisme-crevecoeur.com\/wp-content\/uploads\/2019\/10\/sueur_st_maximin_29_09_19-768x1365.jpg 768w, https:\/\/loisirs-cyclisme-crevecoeur.com\/wp-content\/uploads\/2019\/10\/sueur_st_maximin_29_09_19-576x1024.jpg 576w, https:\/\/loisirs-cyclisme-crevecoeur.com\/wp-content\/uploads\/2019\/10\/sueur_st_maximin_29_09_19.jpg 1152w\" sizes=\"auto, (max-width: 169px) 100vw, 169px\" \/><\/p>\n<p>Merci \u00e0 tous pour cette exceptionnelle saison 2019!!<\/p>\n","protected":false},"excerpt":{"rendered":"<p>Le LCC a termin\u00e9 la saison route comme il l&#8217;avait commenc\u00e9, en trombe! Pierre Bettiol a gagn\u00e9 \u00e0 Br\u00e9tigny le [&hellip;]<\/p>\n","protected":false},"author":1,"featured_media":0,"comment_status":"closed","ping_status":"closed","sticky":false,"template":"","format":"standard","meta":{"_uag_custom_page_level_css":"","site-sidebar-layout":"default","site-content-layout":"","ast-site-content-layout":"default","site-content-style":"default","site-sidebar-style":"default","ast-global-header-display":"","ast-banner-title-visibility":"","ast-main-header-display":"","ast-hfb-above-header-display":"","ast-hfb-below-header-display":"","ast-hfb-mobile-header-display":"","site-post-title":"","ast-breadcrumbs-content":"","ast-featured-img":"","footer-sml-layout":"","ast-disable-related-posts":"","theme-transparent-header-meta":"","adv-header-id-meta":"","stick-header-meta":"","header-above-stick-meta":"","header-main-stick-meta":"","header-below-stick-meta":"","astra-migrate-meta-layouts":"default","ast-page-background-enabled":"default","ast-page-background-meta":{"desktop":{"background-color":"var(--ast-global-color-4)","background-image":"","background-repeat":"repeat","background-position":"center center","background-size":"auto","background-attachment":"scroll","background-type":"","background-media":"","overlay-type":"","overlay-color":"","overlay-opacity":"","overlay-gradient":""},"tablet":{"background-color":"","background-image":"","background-repeat":"repeat","background-position":"center center","background-size":"auto","background-attachment":"scroll","background-type":"","background-media":"","overlay-type":"","overlay-color":"","overlay-opacity":"","overlay-gradient":""},"mobile":{"background-color":"","background-image":"","background-repeat":"repeat","background-position":"center center","background-size":"auto","background-attachment":"scroll","background-type":"","background-media":"","overlay-type":"","overlay-color":"","overlay-opacity":"","overlay-gradient":""}},"ast-content-background-meta":{"desktop":{"background-color":"var(--ast-global-color-5)","background-image":"","background-repeat":"repeat","background-position":"center center","background-size":"auto","background-attachment":"scroll","background-type":"","background-media":"","overlay-type":"","overlay-color":"","overlay-opacity":"","overlay-gradient":""},"tablet":{"background-color":"var(--ast-global-color-5)","background-image":"","background-repeat":"repeat","background-position":"center center","background-size":"auto","background-attachment":"scroll","background-type":"","background-media":"","overlay-type":"","overlay-color":"","overlay-opacity":"","overlay-gradient":""},"mobile":{"background-color":"var(--ast-global-color-5)","background-image":"","background-repeat":"repeat","background-position":"center center","background-size":"auto","background-attachment":"scroll","background-type":"","background-media":"","overlay-type":"","overlay-color":"","overlay-opacity":"","overlay-gradient":""}},"footnotes":""},"categories":[23],"tags":[],"class_list":["post-642","post","type-post","status-publish","format-standard","hentry","category-resultats"],"uagb_featured_image_src":{"full":false,"thumbnail":false,"medium":false,"medium_large":false,"large":false,"1536x1536":false,"2048x2048":false},"uagb_author_info":{"display_name":"Olivier DE SAINT FUSCIEN","author_link":"https:\/\/loisirs-cyclisme-crevecoeur.com\/index.php\/author\/lccrevecoeur_admin\/"},"uagb_comment_info":0,"uagb_excerpt":"Le LCC a termin\u00e9 la saison route comme il l&#8217;avait commenc\u00e9, en trombe! Pierre Bettiol a gagn\u00e9 \u00e0 Br\u00e9tigny le [&hellip;]","_links":{"self":[{"href":"https:\/\/loisirs-cyclisme-crevecoeur.com\/index.php\/wp-json\/wp\/v2\/posts\/642","targetHints":{"allow":["GET"]}}],"collection":[{"href":"https:\/\/loisirs-cyclisme-crevecoeur.com\/index.php\/wp-json\/wp\/v2\/posts"}],"about":[{"href":"https:\/\/loisirs-cyclisme-crevecoeur.com\/index.php\/wp-json\/wp\/v2\/types\/post"}],"author":[{"embeddable":true,"href":"https:\/\/loisirs-cyclisme-crevecoeur.com\/index.php\/wp-json\/wp\/v2\/users\/1"}],"replies":[{"embeddable":true,"href":"https:\/\/loisirs-cyclisme-crevecoeur.com\/index.php\/wp-json\/wp\/v2\/comments?post=642"}],"version-history":[{"count":1,"href":"https:\/\/loisirs-cyclisme-crevecoeur.com\/index.php\/wp-json\/wp\/v2\/posts\/642\/revisions"}],"predecessor-version":[{"id":651,"href":"https:\/\/loisirs-cyclisme-crevecoeur.com\/index.php\/wp-json\/wp\/v2\/posts\/642\/revisions\/651"}],"wp:attachment":[{"href":"https:\/\/loisirs-cyclisme-crevecoeur.com\/index.php\/wp-json\/wp\/v2\/media?parent=642"}],"wp:term":[{"taxonomy":"category","embeddable":true,"href":"https:\/\/loisirs-cyclisme-crevecoeur.com\/index.php\/wp-json\/wp\/v2\/categories?post=642"},{"taxonomy":"post_tag","embeddable":true,"href":"https:\/\/loisirs-cyclisme-crevecoeur.com\/index.php\/wp-json\/wp\/v2\/tags?post=642"}],"curies":[{"name":"wp","href":"https:\/\/api.w.org\/{rel}","templated":true}]}}