{"id":619,"date":"2019-07-11T22:48:34","date_gmt":"2019-07-11T20:48:34","guid":{"rendered":"https:\/\/www.loisirs-cyclisme-crevecoeur.com\/?p=619"},"modified":"2024-11-05T12:24:01","modified_gmt":"2024-11-05T11:24:01","slug":"deux-jours-damiens-metropole-et-1ere-semaine-de-juillet-2019","status":"publish","type":"post","link":"https:\/\/loisirs-cyclisme-crevecoeur.com\/index.php\/2019\/07\/11\/deux-jours-damiens-metropole-et-1ere-semaine-de-juillet-2019\/","title":{"rendered":"Deux Jours d&#8217;Amiens M\u00e9tropole et 1\u00e8re semaine de juillet 2019"},"content":{"rendered":"<p>Olivier De Saint Fuscien a remport\u00e9 le classement g\u00e9n\u00e9ral des Deux Jours d&#8217;Amiens M\u00e9tropole (29 et 30 juin) en 1\u00e8re cat\u00e9gorie!<\/p>\n<p>Olivier s&#8217;est montr\u00e9 le plus r\u00e9gulier durant ces deux jours : 4\u00e8me le samedi matin, 4\u00e8me au CLM le samedi apr\u00e8s midi, c&#8217;est le dimanche qu&#8217;il a r\u00e9ussi \u00e0 faire flancher le leader Alexandre Baillet avec l&#8217;aide pr\u00e9cieuse de son co\u00e9quipier Geoffrey Choron.<\/p>\n<p><img loading=\"lazy\" decoding=\"async\" class=\"aligncenter wp-image-620 size-large\" src=\"https:\/\/www.loisirs-cyclisme-crevecoeur.com\/wp-content\/uploads\/2019\/07\/de_saint_fuscien_2_jours_Amiens_30_06_19-614x1024.jpg\" alt=\"\" width=\"614\" height=\"1024\" srcset=\"https:\/\/loisirs-cyclisme-crevecoeur.com\/wp-content\/uploads\/2019\/07\/de_saint_fuscien_2_jours_Amiens_30_06_19-614x1024.jpg 614w, https:\/\/loisirs-cyclisme-crevecoeur.com\/wp-content\/uploads\/2019\/07\/de_saint_fuscien_2_jours_Amiens_30_06_19-180x300.jpg 180w, https:\/\/loisirs-cyclisme-crevecoeur.com\/wp-content\/uploads\/2019\/07\/de_saint_fuscien_2_jours_Amiens_30_06_19-768x1280.jpg 768w, https:\/\/loisirs-cyclisme-crevecoeur.com\/wp-content\/uploads\/2019\/07\/de_saint_fuscien_2_jours_Amiens_30_06_19.jpg 1536w\" sizes=\"auto, (max-width: 614px) 100vw, 614px\" \/><\/p>\n<p>Geoffrey Choron a remport\u00e9 le criterium de Catenoy en 1\u00e8re cat\u00e9gorie le 03 juillet.<\/p>\n<p><img loading=\"lazy\" decoding=\"async\" class=\"aligncenter wp-image-621 size-large\" src=\"https:\/\/www.loisirs-cyclisme-crevecoeur.com\/wp-content\/uploads\/2019\/07\/choron_catenoy_03_07_19-1024x768.jpg\" alt=\"\" width=\"770\" height=\"578\" srcset=\"https:\/\/loisirs-cyclisme-crevecoeur.com\/wp-content\/uploads\/2019\/07\/choron_catenoy_03_07_19-1024x768.jpg 1024w, https:\/\/loisirs-cyclisme-crevecoeur.com\/wp-content\/uploads\/2019\/07\/choron_catenoy_03_07_19-300x225.jpg 300w, https:\/\/loisirs-cyclisme-crevecoeur.com\/wp-content\/uploads\/2019\/07\/choron_catenoy_03_07_19-768x576.jpg 768w, https:\/\/loisirs-cyclisme-crevecoeur.com\/wp-content\/uploads\/2019\/07\/choron_catenoy_03_07_19.jpg 2048w\" sizes=\"auto, (max-width: 770px) 100vw, 770px\" \/><\/p>\n<p>Dimanche 07, le LCC a r\u00e9alis\u00e9 un nouveau quadrupl\u00e9 en 1\u00e8re cat\u00e9gorie \u00e0 Montmartin. C&#8217;est Alexis Thomas qui a franchit la ligne le 1er, 2\u00e8me Geoffrey Choron, 3\u00e8me Pierre Bettiol et 4\u00e8me Mickael Sueur! Bravo \u00e0 tous!<\/p>\n<p><img loading=\"lazy\" decoding=\"async\" class=\"aligncenter wp-image-622 size-full\" src=\"https:\/\/www.loisirs-cyclisme-crevecoeur.com\/wp-content\/uploads\/2019\/07\/thomas_montmartin_07_07_19.jpg\" alt=\"\" width=\"892\" height=\"768\" srcset=\"https:\/\/loisirs-cyclisme-crevecoeur.com\/wp-content\/uploads\/2019\/07\/thomas_montmartin_07_07_19.jpg 892w, https:\/\/loisirs-cyclisme-crevecoeur.com\/wp-content\/uploads\/2019\/07\/thomas_montmartin_07_07_19-300x258.jpg 300w, https:\/\/loisirs-cyclisme-crevecoeur.com\/wp-content\/uploads\/2019\/07\/thomas_montmartin_07_07_19-768x661.jpg 768w\" sizes=\"auto, (max-width: 892px) 100vw, 892px\" \/><\/p>\n","protected":false},"excerpt":{"rendered":"<p>Olivier De Saint Fuscien a remport\u00e9 le classement g\u00e9n\u00e9ral des Deux Jours d&#8217;Amiens M\u00e9tropole (29 et 30 juin) en 1\u00e8re [&hellip;]<\/p>\n","protected":false},"author":1,"featured_media":0,"comment_status":"closed","ping_status":"closed","sticky":false,"template":"","format":"standard","meta":{"_uag_custom_page_level_css":"","site-sidebar-layout":"default","site-content-layout":"","ast-site-content-layout":"default","site-content-style":"default","site-sidebar-style":"default","ast-global-header-display":"","ast-banner-title-visibility":"","ast-main-header-display":"","ast-hfb-above-header-display":"","ast-hfb-below-header-display":"","ast-hfb-mobile-header-display":"","site-post-title":"","ast-breadcrumbs-content":"","ast-featured-img":"","footer-sml-layout":"","ast-disable-related-posts":"","theme-transparent-header-meta":"","adv-header-id-meta":"","stick-header-meta":"","header-above-stick-meta":"","header-main-stick-meta":"","header-below-stick-meta":"","astra-migrate-meta-layouts":"default","ast-page-background-enabled":"default","ast-page-background-meta":{"desktop":{"background-color":"var(--ast-global-color-4)","background-image":"","background-repeat":"repeat","background-position":"center center","background-size":"auto","background-attachment":"scroll","background-type":"","background-media":"","overlay-type":"","overlay-color":"","overlay-opacity":"","overlay-gradient":""},"tablet":{"background-color":"","background-image":"","background-repeat":"repeat","background-position":"center center","background-size":"auto","background-attachment":"scroll","background-type":"","background-media":"","overlay-type":"","overlay-color":"","overlay-opacity":"","overlay-gradient":""},"mobile":{"background-color":"","background-image":"","background-repeat":"repeat","background-position":"center center","background-size":"auto","background-attachment":"scroll","background-type":"","background-media":"","overlay-type":"","overlay-color":"","overlay-opacity":"","overlay-gradient":""}},"ast-content-background-meta":{"desktop":{"background-color":"var(--ast-global-color-5)","background-image":"","background-repeat":"repeat","background-position":"center center","background-size":"auto","background-attachment":"scroll","background-type":"","background-media":"","overlay-type":"","overlay-color":"","overlay-opacity":"","overlay-gradient":""},"tablet":{"background-color":"var(--ast-global-color-5)","background-image":"","background-repeat":"repeat","background-position":"center center","background-size":"auto","background-attachment":"scroll","background-type":"","background-media":"","overlay-type":"","overlay-color":"","overlay-opacity":"","overlay-gradient":""},"mobile":{"background-color":"var(--ast-global-color-5)","background-image":"","background-repeat":"repeat","background-position":"center center","background-size":"auto","background-attachment":"scroll","background-type":"","background-media":"","overlay-type":"","overlay-color":"","overlay-opacity":"","overlay-gradient":""}},"footnotes":""},"categories":[23],"tags":[],"class_list":["post-619","post","type-post","status-publish","format-standard","hentry","category-resultats"],"uagb_featured_image_src":{"full":false,"thumbnail":false,"medium":false,"medium_large":false,"large":false,"1536x1536":false,"2048x2048":false},"uagb_author_info":{"display_name":"Olivier DE SAINT FUSCIEN","author_link":"https:\/\/loisirs-cyclisme-crevecoeur.com\/index.php\/author\/lccrevecoeur_admin\/"},"uagb_comment_info":0,"uagb_excerpt":"Olivier De Saint Fuscien a remport\u00e9 le classement g\u00e9n\u00e9ral des Deux Jours d&#8217;Amiens M\u00e9tropole (29 et 30 juin) en 1\u00e8re [&hellip;]","_links":{"self":[{"href":"https:\/\/loisirs-cyclisme-crevecoeur.com\/index.php\/wp-json\/wp\/v2\/posts\/619","targetHints":{"allow":["GET"]}}],"collection":[{"href":"https:\/\/loisirs-cyclisme-crevecoeur.com\/index.php\/wp-json\/wp\/v2\/posts"}],"about":[{"href":"https:\/\/loisirs-cyclisme-crevecoeur.com\/index.php\/wp-json\/wp\/v2\/types\/post"}],"author":[{"embeddable":true,"href":"https:\/\/loisirs-cyclisme-crevecoeur.com\/index.php\/wp-json\/wp\/v2\/users\/1"}],"replies":[{"embeddable":true,"href":"https:\/\/loisirs-cyclisme-crevecoeur.com\/index.php\/wp-json\/wp\/v2\/comments?post=619"}],"version-history":[{"count":1,"href":"https:\/\/loisirs-cyclisme-crevecoeur.com\/index.php\/wp-json\/wp\/v2\/posts\/619\/revisions"}],"predecessor-version":[{"id":623,"href":"https:\/\/loisirs-cyclisme-crevecoeur.com\/index.php\/wp-json\/wp\/v2\/posts\/619\/revisions\/623"}],"wp:attachment":[{"href":"https:\/\/loisirs-cyclisme-crevecoeur.com\/index.php\/wp-json\/wp\/v2\/media?parent=619"}],"wp:term":[{"taxonomy":"category","embeddable":true,"href":"https:\/\/loisirs-cyclisme-crevecoeur.com\/index.php\/wp-json\/wp\/v2\/categories?post=619"},{"taxonomy":"post_tag","embeddable":true,"href":"https:\/\/loisirs-cyclisme-crevecoeur.com\/index.php\/wp-json\/wp\/v2\/tags?post=619"}],"curies":[{"name":"wp","href":"https:\/\/api.w.org\/{rel}","templated":true}]}}