{"id":616,"date":"2019-06-24T22:56:48","date_gmt":"2019-06-24T20:56:48","guid":{"rendered":"https:\/\/www.loisirs-cyclisme-crevecoeur.com\/?p=616"},"modified":"2024-11-05T12:24:02","modified_gmt":"2024-11-05T11:24:02","slug":"championnat-regional-a-wacquemoulin-le-23-juin-2019","status":"publish","type":"post","link":"https:\/\/loisirs-cyclisme-crevecoeur.com\/index.php\/2019\/06\/24\/championnat-regional-a-wacquemoulin-le-23-juin-2019\/","title":{"rendered":"Championnat R\u00e9gional \u00e0 Wacquemoulin, le 23 juin 2019"},"content":{"rendered":"<p>Pierre Bettiol a remport\u00e9 au sprint ce dimanche 23 juin le championnat r\u00e9gional cat\u00e9gorie 20-29 ans, qui avait lieu \u00e0 Wacquemoulin sur le circuit de l&#8217;Aronde.<\/p>\n<p>F\u00e9licitations Pierre! 2\/2 \ud83d\ude09<\/p>\n<p><img loading=\"lazy\" decoding=\"async\" class=\"wp-image-610 size-large alignnone\" src=\"https:\/\/www.loisirs-cyclisme-crevecoeur.com\/wp-content\/uploads\/2019\/06\/bettiol_regional_19_arriv\u00e9e-1024x683.jpg\" alt=\"\" width=\"770\" height=\"514\" srcset=\"https:\/\/loisirs-cyclisme-crevecoeur.com\/wp-content\/uploads\/2019\/06\/bettiol_regional_19_arriv\u00e9e-1024x683.jpg 1024w, https:\/\/loisirs-cyclisme-crevecoeur.com\/wp-content\/uploads\/2019\/06\/bettiol_regional_19_arriv\u00e9e-300x200.jpg 300w, https:\/\/loisirs-cyclisme-crevecoeur.com\/wp-content\/uploads\/2019\/06\/bettiol_regional_19_arriv\u00e9e-768x512.jpg 768w, https:\/\/loisirs-cyclisme-crevecoeur.com\/wp-content\/uploads\/2019\/06\/bettiol_regional_19_arriv\u00e9e-770x513.jpg 770w, https:\/\/loisirs-cyclisme-crevecoeur.com\/wp-content\/uploads\/2019\/06\/bettiol_regional_19_arriv\u00e9e-370x247.jpg 370w, https:\/\/loisirs-cyclisme-crevecoeur.com\/wp-content\/uploads\/2019\/06\/bettiol_regional_19_arriv\u00e9e.jpg 1944w\" sizes=\"auto, (max-width: 770px) 100vw, 770px\" \/><\/p>\n<p><img loading=\"lazy\" decoding=\"async\" class=\"aligncenter wp-image-611 size-full\" src=\"https:\/\/www.loisirs-cyclisme-crevecoeur.com\/wp-content\/uploads\/2019\/06\/bettiol-regional_19_podium.jpg\" alt=\"\" width=\"759\" height=\"897\" srcset=\"https:\/\/loisirs-cyclisme-crevecoeur.com\/wp-content\/uploads\/2019\/06\/bettiol-regional_19_podium.jpg 759w, https:\/\/loisirs-cyclisme-crevecoeur.com\/wp-content\/uploads\/2019\/06\/bettiol-regional_19_podium-254x300.jpg 254w\" sizes=\"auto, (max-width: 759px) 100vw, 759px\" \/><\/p>\n","protected":false},"excerpt":{"rendered":"<p>Pierre Bettiol a remport\u00e9 au sprint ce dimanche 23 juin le championnat r\u00e9gional cat\u00e9gorie 20-29 ans, qui avait lieu \u00e0 [&hellip;]<\/p>\n","protected":false},"author":1,"featured_media":0,"comment_status":"closed","ping_status":"closed","sticky":false,"template":"","format":"standard","meta":{"_uag_custom_page_level_css":"","site-sidebar-layout":"default","site-content-layout":"","ast-site-content-layout":"default","site-content-style":"default","site-sidebar-style":"default","ast-global-header-display":"","ast-banner-title-visibility":"","ast-main-header-display":"","ast-hfb-above-header-display":"","ast-hfb-below-header-display":"","ast-hfb-mobile-header-display":"","site-post-title":"","ast-breadcrumbs-content":"","ast-featured-img":"","footer-sml-layout":"","ast-disable-related-posts":"","theme-transparent-header-meta":"","adv-header-id-meta":"","stick-header-meta":"","header-above-stick-meta":"","header-main-stick-meta":"","header-below-stick-meta":"","astra-migrate-meta-layouts":"default","ast-page-background-enabled":"default","ast-page-background-meta":{"desktop":{"background-color":"var(--ast-global-color-4)","background-image":"","background-repeat":"repeat","background-position":"center center","background-size":"auto","background-attachment":"scroll","background-type":"","background-media":"","overlay-type":"","overlay-color":"","overlay-opacity":"","overlay-gradient":""},"tablet":{"background-color":"","background-image":"","background-repeat":"repeat","background-position":"center center","background-size":"auto","background-attachment":"scroll","background-type":"","background-media":"","overlay-type":"","overlay-color":"","overlay-opacity":"","overlay-gradient":""},"mobile":{"background-color":"","background-image":"","background-repeat":"repeat","background-position":"center center","background-size":"auto","background-attachment":"scroll","background-type":"","background-media":"","overlay-type":"","overlay-color":"","overlay-opacity":"","overlay-gradient":""}},"ast-content-background-meta":{"desktop":{"background-color":"var(--ast-global-color-5)","background-image":"","background-repeat":"repeat","background-position":"center center","background-size":"auto","background-attachment":"scroll","background-type":"","background-media":"","overlay-type":"","overlay-color":"","overlay-opacity":"","overlay-gradient":""},"tablet":{"background-color":"var(--ast-global-color-5)","background-image":"","background-repeat":"repeat","background-position":"center center","background-size":"auto","background-attachment":"scroll","background-type":"","background-media":"","overlay-type":"","overlay-color":"","overlay-opacity":"","overlay-gradient":""},"mobile":{"background-color":"var(--ast-global-color-5)","background-image":"","background-repeat":"repeat","background-position":"center center","background-size":"auto","background-attachment":"scroll","background-type":"","background-media":"","overlay-type":"","overlay-color":"","overlay-opacity":"","overlay-gradient":""}},"footnotes":""},"categories":[23],"tags":[],"class_list":["post-616","post","type-post","status-publish","format-standard","hentry","category-resultats"],"uagb_featured_image_src":{"full":false,"thumbnail":false,"medium":false,"medium_large":false,"large":false,"1536x1536":false,"2048x2048":false},"uagb_author_info":{"display_name":"Olivier DE SAINT FUSCIEN","author_link":"https:\/\/loisirs-cyclisme-crevecoeur.com\/index.php\/author\/lccrevecoeur_admin\/"},"uagb_comment_info":0,"uagb_excerpt":"Pierre Bettiol a remport\u00e9 au sprint ce dimanche 23 juin le championnat r\u00e9gional cat\u00e9gorie 20-29 ans, qui avait lieu \u00e0 [&hellip;]","_links":{"self":[{"href":"https:\/\/loisirs-cyclisme-crevecoeur.com\/index.php\/wp-json\/wp\/v2\/posts\/616","targetHints":{"allow":["GET"]}}],"collection":[{"href":"https:\/\/loisirs-cyclisme-crevecoeur.com\/index.php\/wp-json\/wp\/v2\/posts"}],"about":[{"href":"https:\/\/loisirs-cyclisme-crevecoeur.com\/index.php\/wp-json\/wp\/v2\/types\/post"}],"author":[{"embeddable":true,"href":"https:\/\/loisirs-cyclisme-crevecoeur.com\/index.php\/wp-json\/wp\/v2\/users\/1"}],"replies":[{"embeddable":true,"href":"https:\/\/loisirs-cyclisme-crevecoeur.com\/index.php\/wp-json\/wp\/v2\/comments?post=616"}],"version-history":[{"count":1,"href":"https:\/\/loisirs-cyclisme-crevecoeur.com\/index.php\/wp-json\/wp\/v2\/posts\/616\/revisions"}],"predecessor-version":[{"id":617,"href":"https:\/\/loisirs-cyclisme-crevecoeur.com\/index.php\/wp-json\/wp\/v2\/posts\/616\/revisions\/617"}],"wp:attachment":[{"href":"https:\/\/loisirs-cyclisme-crevecoeur.com\/index.php\/wp-json\/wp\/v2\/media?parent=616"}],"wp:term":[{"taxonomy":"category","embeddable":true,"href":"https:\/\/loisirs-cyclisme-crevecoeur.com\/index.php\/wp-json\/wp\/v2\/categories?post=616"},{"taxonomy":"post_tag","embeddable":true,"href":"https:\/\/loisirs-cyclisme-crevecoeur.com\/index.php\/wp-json\/wp\/v2\/tags?post=616"}],"curies":[{"name":"wp","href":"https:\/\/api.w.org\/{rel}","templated":true}]}}