{"id":596,"date":"2019-06-24T18:09:45","date_gmt":"2019-06-24T16:09:45","guid":{"rendered":"https:\/\/www.loisirs-cyclisme-crevecoeur.com\/?p=596"},"modified":"2024-11-05T12:24:02","modified_gmt":"2024-11-05T11:24:02","slug":"routes-de-loise-2019","status":"publish","type":"post","link":"https:\/\/loisirs-cyclisme-crevecoeur.com\/index.php\/2019\/06\/24\/routes-de-loise-2019\/","title":{"rendered":"Routes de l&#8217;Oise 2019"},"content":{"rendered":"<p>Les 8, 9 et 10 juin avaient lieu la 37\u00e8me \u00e9dition des Routes de l&#8217;Oise!<\/p>\n<p>Un excellent cru pour le LCC, puisque Paul Seuwin a remport\u00e9 le classement g\u00e9n\u00e9ral, apr\u00e8s avoir &#8220;\u00e9chou\u00e9&#8221; \u00e0 la 3\u00e8me place l&#8217;ann\u00e9e derni\u00e8re.<\/p>\n<p>L&#8217;\u00e9quipe \u00e9tait compos\u00e9e de : Olivier De Saint Fuscien, Alexix Thomas, Thibaut Rondeau, Paul Seuwin, Anthony Bataille, Pierre Bettiol, Micka\u00ebl Sueur et enfin Geoffrey Choron (de gauche \u00e0 droite sur la photo avec Benoit Moureix comme directeur sportif).<\/p>\n<p><img loading=\"lazy\" decoding=\"async\" class=\"aligncenter wp-image-597 size-full\" src=\"https:\/\/www.loisirs-cyclisme-crevecoeur.com\/wp-content\/uploads\/2019\/06\/team_2019.jpg\" alt=\"\" width=\"328\" height=\"192\" srcset=\"https:\/\/loisirs-cyclisme-crevecoeur.com\/wp-content\/uploads\/2019\/06\/team_2019.jpg 328w, https:\/\/loisirs-cyclisme-crevecoeur.com\/wp-content\/uploads\/2019\/06\/team_2019-300x176.jpg 300w\" sizes=\"auto, (max-width: 328px) 100vw, 328px\" \/><\/p>\n<p>Lors de la 1\u00e8re \u00e9tape, entre Beauvais et St Just en Chauss\u00e9e, 3 coureurs du LCC figurent dans la bonne \u00e9chapp\u00e9e : Micka\u00ebl Sueur, Geoffrey Choron et Paul Seuwin.<\/p>\n<p>Le lendemain matin \u00e0 Feuqui\u00e8res, Paul \u00e9crase la concurrence lors du CLM en rel\u00e9guant le 2\u00e8me \u00e0 18s! Il s&#8217;empare donc du maillot orange de leader.<\/p>\n<p>Malgr\u00e9 une confortable avance au classement g\u00e9n\u00e9ral sur le second, grosse frayeur pour nos coureurs car Paul est pris dans une chute aux alentours du 30\u00e8me kilom\u00e8tre lors de la 3\u00e8me \u00e9tape \u00e0 Formerie. Son cadre est fissur\u00e9 sur le tube sup\u00e9rieur! Malgr\u00e9 cela, Paul trouve les ressources n\u00e9cessaires pour reprendre sa route et termin\u00e9 l&#8217;\u00e9tape dans le peloton. Entretemps, une chasse m\u00e9morable de nos coureurs a permit de boucher 2min30 sur une \u00e9chapp\u00e9e qui s&#8217;est form\u00e9e apr\u00e8s la chute&#8230;<\/p>\n<p>Le lundi, sur ses terres, le LCC a maitris\u00e9 l&#8217;\u00e9tape parfaitement afin que Paul remporte le classement g\u00e9n\u00e9ral.<\/p>\n<p><img loading=\"lazy\" decoding=\"async\" class=\"aligncenter wp-image-598 size-large\" src=\"https:\/\/www.loisirs-cyclisme-crevecoeur.com\/wp-content\/uploads\/2019\/06\/podium_general_2019-1024x671.jpg\" alt=\"\" width=\"770\" height=\"505\" srcset=\"https:\/\/loisirs-cyclisme-crevecoeur.com\/wp-content\/uploads\/2019\/06\/podium_general_2019-1024x671.jpg 1024w, https:\/\/loisirs-cyclisme-crevecoeur.com\/wp-content\/uploads\/2019\/06\/podium_general_2019-300x197.jpg 300w, https:\/\/loisirs-cyclisme-crevecoeur.com\/wp-content\/uploads\/2019\/06\/podium_general_2019-768x503.jpg 768w, https:\/\/loisirs-cyclisme-crevecoeur.com\/wp-content\/uploads\/2019\/06\/podium_general_2019.jpg 1172w\" sizes=\"auto, (max-width: 770px) 100vw, 770px\" \/><\/p>\n<p>A noter \u00e9galement que :<\/p>\n<ul>\n<li>Thibaut Rondeau a \u00e9t\u00e9 \u00e9lu coureur le plus combatif de la 1\u00e8re \u00e9tape.<\/li>\n<\/ul>\n<p><img loading=\"lazy\" decoding=\"async\" class=\"aligncenter wp-image-599 size-full\" src=\"https:\/\/www.loisirs-cyclisme-crevecoeur.com\/wp-content\/uploads\/2019\/06\/podium_combatifs_2019.jpg\" alt=\"\" width=\"961\" height=\"768\" srcset=\"https:\/\/loisirs-cyclisme-crevecoeur.com\/wp-content\/uploads\/2019\/06\/podium_combatifs_2019.jpg 961w, https:\/\/loisirs-cyclisme-crevecoeur.com\/wp-content\/uploads\/2019\/06\/podium_combatifs_2019-300x240.jpg 300w, https:\/\/loisirs-cyclisme-crevecoeur.com\/wp-content\/uploads\/2019\/06\/podium_combatifs_2019-768x614.jpg 768w\" sizes=\"auto, (max-width: 961px) 100vw, 961px\" \/><\/p>\n<ul>\n<li>Pierre Bettiol a termin\u00e9 2nd lors de la 4\u00e8me \u00e9tape \u00e0 Cr\u00e9vecoeur et a pris la 3\u00e8me place du classement par points.<\/li>\n<\/ul>\n<p><img loading=\"lazy\" decoding=\"async\" class=\"aligncenter wp-image-600 size-large\" src=\"https:\/\/www.loisirs-cyclisme-crevecoeur.com\/wp-content\/uploads\/2019\/06\/podium_points_2019-1024x764.jpg\" alt=\"\" width=\"770\" height=\"574\" srcset=\"https:\/\/loisirs-cyclisme-crevecoeur.com\/wp-content\/uploads\/2019\/06\/podium_points_2019-1024x764.jpg 1024w, https:\/\/loisirs-cyclisme-crevecoeur.com\/wp-content\/uploads\/2019\/06\/podium_points_2019-300x224.jpg 300w, https:\/\/loisirs-cyclisme-crevecoeur.com\/wp-content\/uploads\/2019\/06\/podium_points_2019-768x573.jpg 768w, https:\/\/loisirs-cyclisme-crevecoeur.com\/wp-content\/uploads\/2019\/06\/podium_points_2019.jpg 1030w\" sizes=\"auto, (max-width: 770px) 100vw, 770px\" \/><\/p>\n<ul>\n<li>Geoffrey Choron a termin\u00e9 3\u00e8me du classement des jeunes.<\/li>\n<\/ul>\n<p><img loading=\"lazy\" decoding=\"async\" class=\"aligncenter wp-image-601 size-full\" src=\"https:\/\/www.loisirs-cyclisme-crevecoeur.com\/wp-content\/uploads\/2019\/06\/podium_jeunes_2019.jpg\" alt=\"\" width=\"1008\" height=\"768\" srcset=\"https:\/\/loisirs-cyclisme-crevecoeur.com\/wp-content\/uploads\/2019\/06\/podium_jeunes_2019.jpg 1008w, https:\/\/loisirs-cyclisme-crevecoeur.com\/wp-content\/uploads\/2019\/06\/podium_jeunes_2019-300x229.jpg 300w, https:\/\/loisirs-cyclisme-crevecoeur.com\/wp-content\/uploads\/2019\/06\/podium_jeunes_2019-768x585.jpg 768w\" sizes=\"auto, (max-width: 1008px) 100vw, 1008px\" \/><\/p>\n<ul>\n<li>Et surtout, le LCC a remport\u00e9 haut la main le classement par \u00e9quipe!<\/li>\n<\/ul>\n<p><img loading=\"lazy\" decoding=\"async\" class=\"aligncenter wp-image-602 size-large\" src=\"https:\/\/www.loisirs-cyclisme-crevecoeur.com\/wp-content\/uploads\/2019\/06\/podium_\u00e9quipe_2019-1024x628.jpg\" alt=\"\" width=\"770\" height=\"472\" srcset=\"https:\/\/loisirs-cyclisme-crevecoeur.com\/wp-content\/uploads\/2019\/06\/podium_\u00e9quipe_2019-1024x628.jpg 1024w, https:\/\/loisirs-cyclisme-crevecoeur.com\/wp-content\/uploads\/2019\/06\/podium_\u00e9quipe_2019-300x184.jpg 300w, https:\/\/loisirs-cyclisme-crevecoeur.com\/wp-content\/uploads\/2019\/06\/podium_\u00e9quipe_2019-768x471.jpg 768w, https:\/\/loisirs-cyclisme-crevecoeur.com\/wp-content\/uploads\/2019\/06\/podium_\u00e9quipe_2019.jpg 1200w\" sizes=\"auto, (max-width: 770px) 100vw, 770px\" \/><\/p>\n<p>F\u00e9licitations \u00e0 tous!<\/p>\n<p>Voici le r\u00e9sum\u00e9 de course de Paul :<\/p>\n<blockquote>\n<h4><span style=\"color: #000000;\"><em>Routes de l&#8217;Oise 2019 : Victoire par \u00e9quipe et individuelle ! \ud83d\ude42 Une bonne chose de faite&#8230;<\/em><\/span><\/h4>\n<h4><span style=\"color: #000000;\"><em>Une course avec une atmosph\u00e8re particuli\u00e8re, c&#8217;est le plus belle, nous sommes 150 guerriers \u00e0 la vouloir, une organisation qui est juste parfaite&#8230; Des b\u00e9n\u00e9voles au top, un speaker charismatique, des adversaires valeureux et presque \u00e0 domicile ! Bref le pied !<\/em><\/span><\/h4>\n<h4><span style=\"color: #000000;\"><em>\u00c9tape 1 : Beauvais &#8211; Saint Just, \u00e9tape tr\u00e8s attendue, avec le quatuor mythique de bosses Mesnil\/Saint Remy\/Lamecourt\/Remecourt. Je me sens euphorique&#8230; Beaucoup trop&#8230; Je roule sur tout ce qui bouge, je suis \u00e9nerv\u00e9 comme jamais&#8230; Ah \u00e7a, fort je le suis, mais con encore plus&#8230; Je roule \u00e0 bloc, sans aucune r\u00e9flexion, juste parce que j&#8217;adore \u00e7a&#8230; Nous passons les bosses relativement calmement par rapport \u00e0 l&#8217;ann\u00e9e derni\u00e8re et surtout personne ne veut vraiment rouler au sommet&#8230; Donc au final, Kevin Briand arrive \u00e0 partir seul \u00e0 15km et il r\u00e9sistera \u00e0 la chasse&#8230; Il arrive juste devant nous, je ne peux faire que 9\u00e8me&#8230; Au g\u00e9n\u00e9ral, je pointe \u00e0 1s du leader gr\u00e2ce aux bonifications et je suis meilleur grimpeur&#8230; J&#8217;ai peur d&#8217;avoir laiss\u00e9 des plumes au passages, j&#8217;ai peur d&#8217;avoir d\u00e9j\u00e0 perdu la course, d&#8217;avoir flingu\u00e9 la course de mes \u00e9quipiers&#8230; Bref bof bof&#8230;<\/em><\/span><\/h4>\n<h4><span style=\"color: #000000;\"><em>\u00c9tape 2 : le chrono, alala \u00e7a c&#8217;est mon dada ! J&#8217;ai la pression j&#8217;ai entendu que Benjamin avait claqu\u00e9 un temps canon en 17min09 (j&#8217;avais fait 17min30 l&#8217;ann\u00e9e derni\u00e8re&#8230;). Je ne suis pas serein du tout&#8230; 1h de balade pour se r\u00e9veiller, 30minutes sur home trainer, place \u00e0 &#8220;l&#8217;avoinage&#8221;! Concentr\u00e9 au maximum, je connais chaque caillou, chaque virage, chaque bosse du parcours, les trajectoires sont imprim\u00e9es dans mon cr\u00e2ne, je l&#8217;ai fait 20 fois \u00e0 l&#8217;entra\u00eenement, 15 fois sur Google maps. J&#8217;ai juste des segments sur mon compteur, avec des temps de r\u00e9f\u00e9rence en m\u00e9moire&#8230; Partie 1: pouapouapoua je suis parti super fort 52kmh de moyenne sur les 4km (\u00e7a descend&#8230;) Partie 2 : c&#8217;est ma pr\u00e9f\u00e9r\u00e9e, un encha\u00eenement de faux plats, je sais que je peux faire mal ici&#8230; Bim j&#8217;explose mon record ! Partie 3: je la d\u00e9teste, une descente et surtout une mont\u00e9e souvent expos\u00e9e au vent&#8230; Heureusement, je vois devant moi mon adversaire parti 1minute devant, formidable point de mire qui me pousse \u00e0 me faire mal !<\/em><\/span><\/h4>\n<h4><span style=\"color: #000000;\"><em>Je passe ligne : 16min51, record du parcours ! Pouah ! Je prends le maillot de leader j&#8217;ai 30s d&#8217;avance sur Pierre Lugat.<\/em><\/span><\/h4>\n<h4><span style=\"color: #000000;\"><em>\u00c9tape 3 : le carnage&#8230; \u00c9tape souvent qui arrive au sprint, l&#8217;\u00e9quipe fait un super travail, j&#8217;\u00e9coute enfin les consignes, je suis concentr\u00e9&#8230; Les copains sont monstrueux ! Mais&#8230; 25\u00e8me km, un type tombe devant, nous nous entassons sur lui&#8230; chute&#8230; Je me rel\u00e8ve&#8230; Cadre fissur\u00e9&#8230; \ud83d\ude2d\ud83d\ude2d\ud83d\ude2d J&#8217;entends Olivier qui me demande ce qu&#8217;il se passe, je lui explique&#8230; Il me dit &#8220;remonte on verra ensuite&#8230;&#8221; Pierre Lugat le second au g\u00e9n\u00e9ral m&#8217;interpelle et m&#8217;explique que son v\u00e9lo est hs&#8230; Je teste mon cadre&#8230; C&#8217;est bien explos\u00e9 mais \u00e7a ne bouge pas trop&#8230; Allez mon grand c&#8217;est les routes de l&#8217;Oise, \u00e7a se respecte ! Tu t&#8217;en cognes, pour le club, pour les copains, pour l&#8217;orga&#8230; Je prends le risque ! <\/em><\/span><span style=\"color: #000000;\"><em>Je rentre rapidement sur le peloton, mon \u00e9quipier Pierrot, me calme, il vient aux nouvelles et m&#8217;explique que 25 mecs sont partis au m\u00eame moment&#8230; Je reste dans les roues, je vois que nous sommes 5 du club dans le peloton&#8230; Donc 3 devant, qui pensent que j&#8217;ai abandonn\u00e9&#8230; Nous attendons d&#8217;\u00eatre certain du mat\u00e9riel pour commencer \u00e0 interroger les autres \u00e9quipes sur leur envie de rouler&#8230; Nous nous retrouvons au 65 \u00e8me km, avec &#8220;Team Jop&#8221; &#8220;Ecouen&#8221; et Estr\u00e9es&#8221; pour rouler ! Nous avons alors 2min45 de retard&#8230; <\/em><\/span><span style=\"color: #000000;\"><em>Je n&#8217;ai jamais roul\u00e9 aussi vite en peloton&#8230; C&#8217;\u00e9tait incroyable! Nous avons bouch\u00e9 le trou en 10km! <\/em><\/span><span style=\"color: #000000;\"><em>L&#8217;arriv\u00e9e se fera group\u00e9e&#8230; Le g\u00e9n\u00e9ral reste inchang\u00e9&#8230;<\/em><\/span><\/h4>\n<h4><span style=\"color: #000000;\"><em>\u00c9tape 4: Contr\u00f4le&#8230; 7h30, Didier, Sylvain et D\u00e9d\u00e9 pr\u00e9pare mon v\u00e9lo &#8220;de pr\u00eat&#8221;, l&#8217;ancien de D\u00e9d\u00e9, pile \u00e0 mes c\u00f4tes&#8230; \u00c9norme boulot de r\u00e9alis\u00e9 en peu de temps&#8230; Vous voulez savoir \u00e0 quel point se sont des malades ?? La selle \u00e9tait trop haute&#8230; Ils ont d\u00e9coup\u00e9 le cadre pour qu&#8217;il soit \u00e0 ma taille&#8230; Ces mecs sont incroyables ! Merci les gars ! Nous assurons avec les \u00e9quipiers le g\u00e9n\u00e9ral par \u00e9quipe et individuel&#8230; Les coll\u00e8gues font un boulot monstrueux ! Je me sens encore frais et pr\u00eat \u00e0 en d\u00e9coudre ! Au final, les tentatives sont assez rares, l&#8217;\u00e9tape est plut\u00f4t calme&#8230; Seule ombre au tableau, nous n&#8217;arrivons pas \u00e0 faire gagner le maillot blanc de meilleur jeune \u00e0 Geogeo&#8230; D\u00e9sol\u00e9 ma poule&#8230;. Pierrot arrive \u00e0 faire 2 au sprint, je suis dans le peloton&#8230; Mon pote Charles gagne&#8230; Tout est parfait ! Grosse pens\u00e9e pour mon Antho qui est venu alors qu&#8217;il avait sa t\u00eate bien ailleurs ce matin, mec tu es un sacr\u00e9 \u00e9quipier!<\/em><\/span><\/h4>\n<h4><span style=\"color: #000000;\"><em>Bilan : Pierrot 3\u00e8me meilleur sprinter, victoire par \u00e9quipe du LCC, Geogeo 3\u00e8me au classement du meilleur jeune, Thibaut combatif de la1\u00e8re \u00e9tape et moi le g\u00e9n\u00e9ral&#8230;. J&#8217;allais oublier&#8230; Et un cadre pour moi&#8230; \ud83d\ude2d\ud83d\ude2d\ud83d\ude2d (merci Francis pour le coup de main)<\/em><\/span><\/h4>\n<h4><span style=\"color: #000000;\"><em>Merci encore \u00e0 tous, b\u00e9n\u00e9voles, organisateurs, \u00e9quipiers, Beno\u00eet notre super DS et masseur de folie! Nos super m\u00e9canos, tous les membres du LCC, les gens qui nous ont encourag\u00e9s nombreux&#8230; Et surtout \u00e0 notre super pr\u00e9sident, qui arrive \u00e0 nous transmettre son amour du beau v\u00e9lo ! Merci Jean Marie !<\/em><\/span><\/h4>\n<\/blockquote>\n","protected":false},"excerpt":{"rendered":"<p>Les 8, 9 et 10 juin avaient lieu la 37\u00e8me \u00e9dition des Routes de l&#8217;Oise! Un excellent cru pour le [&hellip;]<\/p>\n","protected":false},"author":1,"featured_media":0,"comment_status":"closed","ping_status":"closed","sticky":false,"template":"","format":"standard","meta":{"_uag_custom_page_level_css":"","site-sidebar-layout":"default","site-content-layout":"","ast-site-content-layout":"default","site-content-style":"default","site-sidebar-style":"default","ast-global-header-display":"","ast-banner-title-visibility":"","ast-main-header-display":"","ast-hfb-above-header-display":"","ast-hfb-below-header-display":"","ast-hfb-mobile-header-display":"","site-post-title":"","ast-breadcrumbs-content":"","ast-featured-img":"","footer-sml-layout":"","ast-disable-related-posts":"","theme-transparent-header-meta":"","adv-header-id-meta":"","stick-header-meta":"","header-above-stick-meta":"","header-main-stick-meta":"","header-below-stick-meta":"","astra-migrate-meta-layouts":"default","ast-page-background-enabled":"default","ast-page-background-meta":{"desktop":{"background-color":"var(--ast-global-color-4)","background-image":"","background-repeat":"repeat","background-position":"center center","background-size":"auto","background-attachment":"scroll","background-type":"","background-media":"","overlay-type":"","overlay-color":"","overlay-opacity":"","overlay-gradient":""},"tablet":{"background-color":"","background-image":"","background-repeat":"repeat","background-position":"center center","background-size":"auto","background-attachment":"scroll","background-type":"","background-media":"","overlay-type":"","overlay-color":"","overlay-opacity":"","overlay-gradient":""},"mobile":{"background-color":"","background-image":"","background-repeat":"repeat","background-position":"center center","background-size":"auto","background-attachment":"scroll","background-type":"","background-media":"","overlay-type":"","overlay-color":"","overlay-opacity":"","overlay-gradient":""}},"ast-content-background-meta":{"desktop":{"background-color":"var(--ast-global-color-5)","background-image":"","background-repeat":"repeat","background-position":"center center","background-size":"auto","background-attachment":"scroll","background-type":"","background-media":"","overlay-type":"","overlay-color":"","overlay-opacity":"","overlay-gradient":""},"tablet":{"background-color":"var(--ast-global-color-5)","background-image":"","background-repeat":"repeat","background-position":"center center","background-size":"auto","background-attachment":"scroll","background-type":"","background-media":"","overlay-type":"","overlay-color":"","overlay-opacity":"","overlay-gradient":""},"mobile":{"background-color":"var(--ast-global-color-5)","background-image":"","background-repeat":"repeat","background-position":"center center","background-size":"auto","background-attachment":"scroll","background-type":"","background-media":"","overlay-type":"","overlay-color":"","overlay-opacity":"","overlay-gradient":""}},"footnotes":""},"categories":[23],"tags":[],"class_list":["post-596","post","type-post","status-publish","format-standard","hentry","category-resultats"],"uagb_featured_image_src":{"full":false,"thumbnail":false,"medium":false,"medium_large":false,"large":false,"1536x1536":false,"2048x2048":false},"uagb_author_info":{"display_name":"Olivier DE SAINT FUSCIEN","author_link":"https:\/\/loisirs-cyclisme-crevecoeur.com\/index.php\/author\/lccrevecoeur_admin\/"},"uagb_comment_info":0,"uagb_excerpt":"Les 8, 9 et 10 juin avaient lieu la 37\u00e8me \u00e9dition des Routes de l&#8217;Oise! Un excellent cru pour le [&hellip;]","_links":{"self":[{"href":"https:\/\/loisirs-cyclisme-crevecoeur.com\/index.php\/wp-json\/wp\/v2\/posts\/596","targetHints":{"allow":["GET"]}}],"collection":[{"href":"https:\/\/loisirs-cyclisme-crevecoeur.com\/index.php\/wp-json\/wp\/v2\/posts"}],"about":[{"href":"https:\/\/loisirs-cyclisme-crevecoeur.com\/index.php\/wp-json\/wp\/v2\/types\/post"}],"author":[{"embeddable":true,"href":"https:\/\/loisirs-cyclisme-crevecoeur.com\/index.php\/wp-json\/wp\/v2\/users\/1"}],"replies":[{"embeddable":true,"href":"https:\/\/loisirs-cyclisme-crevecoeur.com\/index.php\/wp-json\/wp\/v2\/comments?post=596"}],"version-history":[{"count":1,"href":"https:\/\/loisirs-cyclisme-crevecoeur.com\/index.php\/wp-json\/wp\/v2\/posts\/596\/revisions"}],"predecessor-version":[{"id":603,"href":"https:\/\/loisirs-cyclisme-crevecoeur.com\/index.php\/wp-json\/wp\/v2\/posts\/596\/revisions\/603"}],"wp:attachment":[{"href":"https:\/\/loisirs-cyclisme-crevecoeur.com\/index.php\/wp-json\/wp\/v2\/media?parent=596"}],"wp:term":[{"taxonomy":"category","embeddable":true,"href":"https:\/\/loisirs-cyclisme-crevecoeur.com\/index.php\/wp-json\/wp\/v2\/categories?post=596"},{"taxonomy":"post_tag","embeddable":true,"href":"https:\/\/loisirs-cyclisme-crevecoeur.com\/index.php\/wp-json\/wp\/v2\/tags?post=596"}],"curies":[{"name":"wp","href":"https:\/\/api.w.org\/{rel}","templated":true}]}}