{"id":587,"date":"2019-06-24T17:00:24","date_gmt":"2019-06-24T15:00:24","guid":{"rendered":"https:\/\/www.loisirs-cyclisme-crevecoeur.com\/?p=587"},"modified":"2024-11-05T12:24:02","modified_gmt":"2024-11-05T11:24:02","slug":"championnat-departemental-a-sacy-le-grand-le-2-juin-2019","status":"publish","type":"post","link":"https:\/\/loisirs-cyclisme-crevecoeur.com\/index.php\/2019\/06\/24\/championnat-departemental-a-sacy-le-grand-le-2-juin-2019\/","title":{"rendered":"Championnat D\u00e9partemental \u00e0 Sacy le Grand le 2 juin 2019"},"content":{"rendered":"<p>Dimanche 2 juin 2019 avait lieu le championnat d\u00e9partemental, \u00e0 Sacy le Grand, sur un circuit rendu usant par le vent et une forte chaleur.<\/p>\n<p>La journ\u00e9e a \u00e9t\u00e9 excellente pour le LCC, puisque nos coureurs se sont distingu\u00e9s en remportant 3 titres :<\/p>\n<ul>\n<li>Thibaut Rondeau en 17-19 ans.<\/li>\n<\/ul>\n<p><img loading=\"lazy\" decoding=\"async\" class=\"size-medium wp-image-588 alignleft\" src=\"https:\/\/www.loisirs-cyclisme-crevecoeur.com\/wp-content\/uploads\/2019\/06\/rondeau_departemental_19_arriv\u00e9e-300x210.jpg\" alt=\"\" width=\"300\" height=\"210\" srcset=\"https:\/\/loisirs-cyclisme-crevecoeur.com\/wp-content\/uploads\/2019\/06\/rondeau_departemental_19_arriv\u00e9e-300x210.jpg 300w, https:\/\/loisirs-cyclisme-crevecoeur.com\/wp-content\/uploads\/2019\/06\/rondeau_departemental_19_arriv\u00e9e-768x537.jpg 768w, https:\/\/loisirs-cyclisme-crevecoeur.com\/wp-content\/uploads\/2019\/06\/rondeau_departemental_19_arriv\u00e9e-1024x716.jpg 1024w, https:\/\/loisirs-cyclisme-crevecoeur.com\/wp-content\/uploads\/2019\/06\/rondeau_departemental_19_arriv\u00e9e.jpg 1099w\" sizes=\"auto, (max-width: 300px) 100vw, 300px\" \/><img loading=\"lazy\" decoding=\"async\" class=\"alignnone size-medium wp-image-589\" src=\"https:\/\/www.loisirs-cyclisme-crevecoeur.com\/wp-content\/uploads\/2019\/06\/Rondeau_departemental_19_podium-300x255.jpg\" alt=\"\" width=\"300\" height=\"255\" srcset=\"https:\/\/loisirs-cyclisme-crevecoeur.com\/wp-content\/uploads\/2019\/06\/Rondeau_departemental_19_podium-300x255.jpg 300w, https:\/\/loisirs-cyclisme-crevecoeur.com\/wp-content\/uploads\/2019\/06\/Rondeau_departemental_19_podium-768x652.jpg 768w, https:\/\/loisirs-cyclisme-crevecoeur.com\/wp-content\/uploads\/2019\/06\/Rondeau_departemental_19_podium.jpg 904w\" sizes=\"auto, (max-width: 300px) 100vw, 300px\" \/><\/p>\n<ul>\n<li>Pierre Bettiol en 20-29 ans.<\/li>\n<\/ul>\n<p><img loading=\"lazy\" decoding=\"async\" class=\"size-medium wp-image-590 alignleft\" src=\"https:\/\/www.loisirs-cyclisme-crevecoeur.com\/wp-content\/uploads\/2019\/06\/bettiol_departemental_19_arriv\u00e9e-300x192.jpg\" alt=\"\" width=\"300\" height=\"192\" srcset=\"https:\/\/loisirs-cyclisme-crevecoeur.com\/wp-content\/uploads\/2019\/06\/bettiol_departemental_19_arriv\u00e9e-300x192.jpg 300w, https:\/\/loisirs-cyclisme-crevecoeur.com\/wp-content\/uploads\/2019\/06\/bettiol_departemental_19_arriv\u00e9e-768x490.jpg 768w, https:\/\/loisirs-cyclisme-crevecoeur.com\/wp-content\/uploads\/2019\/06\/bettiol_departemental_19_arriv\u00e9e-1024x654.jpg 1024w, https:\/\/loisirs-cyclisme-crevecoeur.com\/wp-content\/uploads\/2019\/06\/bettiol_departemental_19_arriv\u00e9e.jpg 1203w\" sizes=\"auto, (max-width: 300px) 100vw, 300px\" \/><img loading=\"lazy\" decoding=\"async\" class=\"alignnone size-medium wp-image-591\" src=\"https:\/\/www.loisirs-cyclisme-crevecoeur.com\/wp-content\/uploads\/2019\/06\/bettiol_departemental_19_podium-300x287.jpg\" alt=\"\" width=\"300\" height=\"287\" srcset=\"https:\/\/loisirs-cyclisme-crevecoeur.com\/wp-content\/uploads\/2019\/06\/bettiol_departemental_19_podium-300x287.jpg 300w, https:\/\/loisirs-cyclisme-crevecoeur.com\/wp-content\/uploads\/2019\/06\/bettiol_departemental_19_podium-768x735.jpg 768w, https:\/\/loisirs-cyclisme-crevecoeur.com\/wp-content\/uploads\/2019\/06\/bettiol_departemental_19_podium.jpg 803w\" sizes=\"auto, (max-width: 300px) 100vw, 300px\" \/><\/p>\n<ul>\n<li>Paul Seuwin en 30-39 ans.<\/li>\n<\/ul>\n<p><img loading=\"lazy\" decoding=\"async\" class=\"size-medium wp-image-592 alignleft\" src=\"https:\/\/www.loisirs-cyclisme-crevecoeur.com\/wp-content\/uploads\/2019\/06\/seuwin_departemental_19_arriv\u00e9e-248x300.jpg\" alt=\"\" width=\"248\" height=\"300\" srcset=\"https:\/\/loisirs-cyclisme-crevecoeur.com\/wp-content\/uploads\/2019\/06\/seuwin_departemental_19_arriv\u00e9e-248x300.jpg 248w, https:\/\/loisirs-cyclisme-crevecoeur.com\/wp-content\/uploads\/2019\/06\/seuwin_departemental_19_arriv\u00e9e.jpg 768w\" sizes=\"auto, (max-width: 248px) 100vw, 248px\" \/><img loading=\"lazy\" decoding=\"async\" class=\"alignnone size-medium wp-image-593\" src=\"https:\/\/www.loisirs-cyclisme-crevecoeur.com\/wp-content\/uploads\/2019\/06\/seuwin_departemental_19_podium-275x300.jpg\" alt=\"\" width=\"275\" height=\"300\" srcset=\"https:\/\/loisirs-cyclisme-crevecoeur.com\/wp-content\/uploads\/2019\/06\/seuwin_departemental_19_podium-275x300.jpg 275w, https:\/\/loisirs-cyclisme-crevecoeur.com\/wp-content\/uploads\/2019\/06\/seuwin_departemental_19_podium.jpg 768w\" sizes=\"auto, (max-width: 275px) 100vw, 275px\" \/><\/p>\n<p>A noter aussi : deux places de second :<\/p>\n<ul>\n<li>Jean Charles Sanniez en 40-49 ans.<\/li>\n<li>Jean Marc Leroux en plus de 60 ans.<\/li>\n<\/ul>\n<p>F\u00e9licitations \u00e0 vous tous!<\/p>\n<p>&nbsp;<\/p>\n","protected":false},"excerpt":{"rendered":"<p>Dimanche 2 juin 2019 avait lieu le championnat d\u00e9partemental, \u00e0 Sacy le Grand, sur un circuit rendu usant par le [&hellip;]<\/p>\n","protected":false},"author":1,"featured_media":0,"comment_status":"closed","ping_status":"closed","sticky":false,"template":"","format":"standard","meta":{"_uag_custom_page_level_css":"","site-sidebar-layout":"default","site-content-layout":"","ast-site-content-layout":"default","site-content-style":"default","site-sidebar-style":"default","ast-global-header-display":"","ast-banner-title-visibility":"","ast-main-header-display":"","ast-hfb-above-header-display":"","ast-hfb-below-header-display":"","ast-hfb-mobile-header-display":"","site-post-title":"","ast-breadcrumbs-content":"","ast-featured-img":"","footer-sml-layout":"","ast-disable-related-posts":"","theme-transparent-header-meta":"","adv-header-id-meta":"","stick-header-meta":"","header-above-stick-meta":"","header-main-stick-meta":"","header-below-stick-meta":"","astra-migrate-meta-layouts":"default","ast-page-background-enabled":"default","ast-page-background-meta":{"desktop":{"background-color":"var(--ast-global-color-4)","background-image":"","background-repeat":"repeat","background-position":"center center","background-size":"auto","background-attachment":"scroll","background-type":"","background-media":"","overlay-type":"","overlay-color":"","overlay-opacity":"","overlay-gradient":""},"tablet":{"background-color":"","background-image":"","background-repeat":"repeat","background-position":"center center","background-size":"auto","background-attachment":"scroll","background-type":"","background-media":"","overlay-type":"","overlay-color":"","overlay-opacity":"","overlay-gradient":""},"mobile":{"background-color":"","background-image":"","background-repeat":"repeat","background-position":"center center","background-size":"auto","background-attachment":"scroll","background-type":"","background-media":"","overlay-type":"","overlay-color":"","overlay-opacity":"","overlay-gradient":""}},"ast-content-background-meta":{"desktop":{"background-color":"var(--ast-global-color-5)","background-image":"","background-repeat":"repeat","background-position":"center center","background-size":"auto","background-attachment":"scroll","background-type":"","background-media":"","overlay-type":"","overlay-color":"","overlay-opacity":"","overlay-gradient":""},"tablet":{"background-color":"var(--ast-global-color-5)","background-image":"","background-repeat":"repeat","background-position":"center center","background-size":"auto","background-attachment":"scroll","background-type":"","background-media":"","overlay-type":"","overlay-color":"","overlay-opacity":"","overlay-gradient":""},"mobile":{"background-color":"var(--ast-global-color-5)","background-image":"","background-repeat":"repeat","background-position":"center center","background-size":"auto","background-attachment":"scroll","background-type":"","background-media":"","overlay-type":"","overlay-color":"","overlay-opacity":"","overlay-gradient":""}},"footnotes":""},"categories":[23],"tags":[],"class_list":["post-587","post","type-post","status-publish","format-standard","hentry","category-resultats"],"uagb_featured_image_src":{"full":false,"thumbnail":false,"medium":false,"medium_large":false,"large":false,"1536x1536":false,"2048x2048":false},"uagb_author_info":{"display_name":"Olivier DE SAINT FUSCIEN","author_link":"https:\/\/loisirs-cyclisme-crevecoeur.com\/index.php\/author\/lccrevecoeur_admin\/"},"uagb_comment_info":0,"uagb_excerpt":"Dimanche 2 juin 2019 avait lieu le championnat d\u00e9partemental, \u00e0 Sacy le Grand, sur un circuit rendu usant par le [&hellip;]","_links":{"self":[{"href":"https:\/\/loisirs-cyclisme-crevecoeur.com\/index.php\/wp-json\/wp\/v2\/posts\/587","targetHints":{"allow":["GET"]}}],"collection":[{"href":"https:\/\/loisirs-cyclisme-crevecoeur.com\/index.php\/wp-json\/wp\/v2\/posts"}],"about":[{"href":"https:\/\/loisirs-cyclisme-crevecoeur.com\/index.php\/wp-json\/wp\/v2\/types\/post"}],"author":[{"embeddable":true,"href":"https:\/\/loisirs-cyclisme-crevecoeur.com\/index.php\/wp-json\/wp\/v2\/users\/1"}],"replies":[{"embeddable":true,"href":"https:\/\/loisirs-cyclisme-crevecoeur.com\/index.php\/wp-json\/wp\/v2\/comments?post=587"}],"version-history":[{"count":2,"href":"https:\/\/loisirs-cyclisme-crevecoeur.com\/index.php\/wp-json\/wp\/v2\/posts\/587\/revisions"}],"predecessor-version":[{"id":595,"href":"https:\/\/loisirs-cyclisme-crevecoeur.com\/index.php\/wp-json\/wp\/v2\/posts\/587\/revisions\/595"}],"wp:attachment":[{"href":"https:\/\/loisirs-cyclisme-crevecoeur.com\/index.php\/wp-json\/wp\/v2\/media?parent=587"}],"wp:term":[{"taxonomy":"category","embeddable":true,"href":"https:\/\/loisirs-cyclisme-crevecoeur.com\/index.php\/wp-json\/wp\/v2\/categories?post=587"},{"taxonomy":"post_tag","embeddable":true,"href":"https:\/\/loisirs-cyclisme-crevecoeur.com\/index.php\/wp-json\/wp\/v2\/tags?post=587"}],"curies":[{"name":"wp","href":"https:\/\/api.w.org\/{rel}","templated":true}]}}