{"id":534,"date":"2019-04-29T22:41:00","date_gmt":"2019-04-29T20:41:00","guid":{"rendered":"https:\/\/www.loisirs-cyclisme-crevecoeur.com\/?p=534"},"modified":"2024-11-05T12:24:02","modified_gmt":"2024-11-05T11:24:02","slug":"week-end-de-paque-2019","status":"publish","type":"post","link":"https:\/\/loisirs-cyclisme-crevecoeur.com\/index.php\/2019\/04\/29\/week-end-de-paque-2019\/","title":{"rendered":"Week-end de P\u00e2que 2019"},"content":{"rendered":"<p style=\"text-align: left;\">Le week-end de P\u00e2que \u00e0 \u00e9t\u00e9 prolifique pour nos coureurs!<\/p>\n<p style=\"text-align: left;\">C&#8217;est d&#8217;abord Alexis Thomas qui s&#8217;est impos\u00e9 \u00e0 S\u00e9n\u00e9court le samedi 20 avril. Pierre Bettiol a pris la 3\u00e8me place.<\/p>\n<p><img loading=\"lazy\" decoding=\"async\" class=\"aligncenter wp-image-535 size-large\" src=\"https:\/\/www.loisirs-cyclisme-crevecoeur.com\/wp-content\/uploads\/2019\/04\/thomas_senecourt_20_04_19-572x1024.jpg\" alt=\"\" width=\"572\" height=\"1024\" srcset=\"https:\/\/loisirs-cyclisme-crevecoeur.com\/wp-content\/uploads\/2019\/04\/thomas_senecourt_20_04_19-572x1024.jpg 572w, https:\/\/loisirs-cyclisme-crevecoeur.com\/wp-content\/uploads\/2019\/04\/thomas_senecourt_20_04_19-167x300.jpg 167w, https:\/\/loisirs-cyclisme-crevecoeur.com\/wp-content\/uploads\/2019\/04\/thomas_senecourt_20_04_19-768x1376.jpg 768w, https:\/\/loisirs-cyclisme-crevecoeur.com\/wp-content\/uploads\/2019\/04\/thomas_senecourt_20_04_19.jpg 864w\" sizes=\"auto, (max-width: 572px) 100vw, 572px\" \/><\/p>\n<p>Le lendemain, dimanche matin, c&#8217;est Paul Seuwin qui a remport\u00e9 le CLM de M\u00e9ru.<\/p>\n<p><img loading=\"lazy\" decoding=\"async\" class=\"aligncenter wp-image-536 size-full\" src=\"https:\/\/www.loisirs-cyclisme-crevecoeur.com\/wp-content\/uploads\/2019\/04\/seuwin_clm_m\u00e9ru_21_04_19.jpg\" alt=\"\" width=\"360\" height=\"480\" srcset=\"https:\/\/loisirs-cyclisme-crevecoeur.com\/wp-content\/uploads\/2019\/04\/seuwin_clm_m\u00e9ru_21_04_19.jpg 360w, https:\/\/loisirs-cyclisme-crevecoeur.com\/wp-content\/uploads\/2019\/04\/seuwin_clm_m\u00e9ru_21_04_19-225x300.jpg 225w\" sizes=\"auto, (max-width: 360px) 100vw, 360px\" \/><\/p>\n<p>L&#8217;apr\u00e8s midi, toujours \u00e0 M\u00e9ru, c&#8217;est Geoffrey Choron qui a d\u00e9bloqu\u00e9 son compteur en s&#8217;imposant d\u00e9tach\u00e9.<\/p>\n<p><img loading=\"lazy\" decoding=\"async\" class=\"wp-image-537 size-large aligncenter\" src=\"https:\/\/www.loisirs-cyclisme-crevecoeur.com\/wp-content\/uploads\/2019\/04\/choron_arriv\u00e9e_m\u00e9ru_21_04_19-1024x548.jpg\" alt=\"\" width=\"770\" height=\"412\" srcset=\"https:\/\/loisirs-cyclisme-crevecoeur.com\/wp-content\/uploads\/2019\/04\/choron_arriv\u00e9e_m\u00e9ru_21_04_19-1024x548.jpg 1024w, https:\/\/loisirs-cyclisme-crevecoeur.com\/wp-content\/uploads\/2019\/04\/choron_arriv\u00e9e_m\u00e9ru_21_04_19-300x161.jpg 300w, https:\/\/loisirs-cyclisme-crevecoeur.com\/wp-content\/uploads\/2019\/04\/choron_arriv\u00e9e_m\u00e9ru_21_04_19-768x411.jpg 768w, https:\/\/loisirs-cyclisme-crevecoeur.com\/wp-content\/uploads\/2019\/04\/choron_arriv\u00e9e_m\u00e9ru_21_04_19.jpg 1200w\" sizes=\"auto, (max-width: 770px) 100vw, 770px\" \/> <img loading=\"lazy\" decoding=\"async\" class=\"wp-image-538 size-full aligncenter\" src=\"https:\/\/www.loisirs-cyclisme-crevecoeur.com\/wp-content\/uploads\/2019\/04\/choron_podium_m\u00e9ru_21_04_19.jpg\" alt=\"\" width=\"827\" height=\"768\" srcset=\"https:\/\/loisirs-cyclisme-crevecoeur.com\/wp-content\/uploads\/2019\/04\/choron_podium_m\u00e9ru_21_04_19.jpg 827w, https:\/\/loisirs-cyclisme-crevecoeur.com\/wp-content\/uploads\/2019\/04\/choron_podium_m\u00e9ru_21_04_19-300x279.jpg 300w, https:\/\/loisirs-cyclisme-crevecoeur.com\/wp-content\/uploads\/2019\/04\/choron_podium_m\u00e9ru_21_04_19-768x713.jpg 768w\" sizes=\"auto, (max-width: 827px) 100vw, 827px\" \/><\/p>\n<p style=\"text-align: left;\">\n","protected":false},"excerpt":{"rendered":"<p>Le week-end de P\u00e2que \u00e0 \u00e9t\u00e9 prolifique pour nos coureurs! C&#8217;est d&#8217;abord Alexis Thomas qui s&#8217;est impos\u00e9 \u00e0 S\u00e9n\u00e9court le [&hellip;]<\/p>\n","protected":false},"author":1,"featured_media":0,"comment_status":"closed","ping_status":"closed","sticky":false,"template":"","format":"standard","meta":{"_uag_custom_page_level_css":"","site-sidebar-layout":"default","site-content-layout":"","ast-site-content-layout":"default","site-content-style":"default","site-sidebar-style":"default","ast-global-header-display":"","ast-banner-title-visibility":"","ast-main-header-display":"","ast-hfb-above-header-display":"","ast-hfb-below-header-display":"","ast-hfb-mobile-header-display":"","site-post-title":"","ast-breadcrumbs-content":"","ast-featured-img":"","footer-sml-layout":"","ast-disable-related-posts":"","theme-transparent-header-meta":"","adv-header-id-meta":"","stick-header-meta":"","header-above-stick-meta":"","header-main-stick-meta":"","header-below-stick-meta":"","astra-migrate-meta-layouts":"default","ast-page-background-enabled":"default","ast-page-background-meta":{"desktop":{"background-color":"var(--ast-global-color-4)","background-image":"","background-repeat":"repeat","background-position":"center center","background-size":"auto","background-attachment":"scroll","background-type":"","background-media":"","overlay-type":"","overlay-color":"","overlay-opacity":"","overlay-gradient":""},"tablet":{"background-color":"","background-image":"","background-repeat":"repeat","background-position":"center center","background-size":"auto","background-attachment":"scroll","background-type":"","background-media":"","overlay-type":"","overlay-color":"","overlay-opacity":"","overlay-gradient":""},"mobile":{"background-color":"","background-image":"","background-repeat":"repeat","background-position":"center center","background-size":"auto","background-attachment":"scroll","background-type":"","background-media":"","overlay-type":"","overlay-color":"","overlay-opacity":"","overlay-gradient":""}},"ast-content-background-meta":{"desktop":{"background-color":"var(--ast-global-color-5)","background-image":"","background-repeat":"repeat","background-position":"center center","background-size":"auto","background-attachment":"scroll","background-type":"","background-media":"","overlay-type":"","overlay-color":"","overlay-opacity":"","overlay-gradient":""},"tablet":{"background-color":"var(--ast-global-color-5)","background-image":"","background-repeat":"repeat","background-position":"center center","background-size":"auto","background-attachment":"scroll","background-type":"","background-media":"","overlay-type":"","overlay-color":"","overlay-opacity":"","overlay-gradient":""},"mobile":{"background-color":"var(--ast-global-color-5)","background-image":"","background-repeat":"repeat","background-position":"center center","background-size":"auto","background-attachment":"scroll","background-type":"","background-media":"","overlay-type":"","overlay-color":"","overlay-opacity":"","overlay-gradient":""}},"footnotes":""},"categories":[23],"tags":[],"class_list":["post-534","post","type-post","status-publish","format-standard","hentry","category-resultats"],"uagb_featured_image_src":{"full":false,"thumbnail":false,"medium":false,"medium_large":false,"large":false,"1536x1536":false,"2048x2048":false},"uagb_author_info":{"display_name":"Olivier DE SAINT FUSCIEN","author_link":"https:\/\/loisirs-cyclisme-crevecoeur.com\/index.php\/author\/lccrevecoeur_admin\/"},"uagb_comment_info":0,"uagb_excerpt":"Le week-end de P\u00e2que \u00e0 \u00e9t\u00e9 prolifique pour nos coureurs! C&#8217;est d&#8217;abord Alexis Thomas qui s&#8217;est impos\u00e9 \u00e0 S\u00e9n\u00e9court le [&hellip;]","_links":{"self":[{"href":"https:\/\/loisirs-cyclisme-crevecoeur.com\/index.php\/wp-json\/wp\/v2\/posts\/534","targetHints":{"allow":["GET"]}}],"collection":[{"href":"https:\/\/loisirs-cyclisme-crevecoeur.com\/index.php\/wp-json\/wp\/v2\/posts"}],"about":[{"href":"https:\/\/loisirs-cyclisme-crevecoeur.com\/index.php\/wp-json\/wp\/v2\/types\/post"}],"author":[{"embeddable":true,"href":"https:\/\/loisirs-cyclisme-crevecoeur.com\/index.php\/wp-json\/wp\/v2\/users\/1"}],"replies":[{"embeddable":true,"href":"https:\/\/loisirs-cyclisme-crevecoeur.com\/index.php\/wp-json\/wp\/v2\/comments?post=534"}],"version-history":[{"count":1,"href":"https:\/\/loisirs-cyclisme-crevecoeur.com\/index.php\/wp-json\/wp\/v2\/posts\/534\/revisions"}],"predecessor-version":[{"id":539,"href":"https:\/\/loisirs-cyclisme-crevecoeur.com\/index.php\/wp-json\/wp\/v2\/posts\/534\/revisions\/539"}],"wp:attachment":[{"href":"https:\/\/loisirs-cyclisme-crevecoeur.com\/index.php\/wp-json\/wp\/v2\/media?parent=534"}],"wp:term":[{"taxonomy":"category","embeddable":true,"href":"https:\/\/loisirs-cyclisme-crevecoeur.com\/index.php\/wp-json\/wp\/v2\/categories?post=534"},{"taxonomy":"post_tag","embeddable":true,"href":"https:\/\/loisirs-cyclisme-crevecoeur.com\/index.php\/wp-json\/wp\/v2\/tags?post=534"}],"curies":[{"name":"wp","href":"https:\/\/api.w.org\/{rel}","templated":true}]}}