{"id":514,"date":"2019-04-10T22:29:17","date_gmt":"2019-04-10T20:29:17","guid":{"rendered":"https:\/\/www.loisirs-cyclisme-crevecoeur.com\/?p=514"},"modified":"2024-11-05T12:24:02","modified_gmt":"2024-11-05T11:24:02","slug":"grand-prix-de-lest-de-la-somme-7-avril-2019","status":"publish","type":"post","link":"https:\/\/loisirs-cyclisme-crevecoeur.com\/index.php\/2019\/04\/10\/grand-prix-de-lest-de-la-somme-7-avril-2019\/","title":{"rendered":"Grand Prix de l&#8217;Est de la Somme, 7 avril 2019"},"content":{"rendered":"<p>Dimanche 7 avril avait lieu le Grand Prix de l&#8217;Est de la Somme, disput\u00e9 entre Nesles et Ham sur 104km.<\/p>\n<p><img loading=\"lazy\" decoding=\"async\" class=\"aligncenter wp-image-515 size-large\" src=\"https:\/\/www.loisirs-cyclisme-crevecoeur.com\/wp-content\/uploads\/2019\/04\/team_gp_est_somme_07_04_19-1024x768.jpg\" alt=\"\" width=\"770\" height=\"578\" srcset=\"https:\/\/loisirs-cyclisme-crevecoeur.com\/wp-content\/uploads\/2019\/04\/team_gp_est_somme_07_04_19-1024x768.jpg 1024w, https:\/\/loisirs-cyclisme-crevecoeur.com\/wp-content\/uploads\/2019\/04\/team_gp_est_somme_07_04_19-300x225.jpg 300w, https:\/\/loisirs-cyclisme-crevecoeur.com\/wp-content\/uploads\/2019\/04\/team_gp_est_somme_07_04_19-768x576.jpg 768w, https:\/\/loisirs-cyclisme-crevecoeur.com\/wp-content\/uploads\/2019\/04\/team_gp_est_somme_07_04_19.jpg 1728w\" sizes=\"auto, (max-width: 770px) 100vw, 770px\" \/><\/p>\n<p>160 coureurs constitue le peloton des 1\u00e8re et 2\u00e8me cat\u00e9gories. Le circuit est tr\u00e8s roulant, les difficult\u00e9s de la journ\u00e9e seront donc les nombreux changements de directions et le vent.<\/p>\n<p>Le d\u00e9but de course est tr\u00e8s nerveux : une chute massive a lieu peu apr\u00e8s le d\u00e9part, Olivier De Saint Fuscien est pris dedans. Au 35\u00e8me kilom\u00e8tre, le LCC manoeuvre parfaitement en cr\u00e9ant la bordure d\u00e9cisive. Sur\u00a0 les 20 coureurs qu&#8217;elle comporte, le LCC a plac\u00e9 5 coureurs : Paul Seuwin, Pierre Bettiol, Geoffrey Choron, Alexis Thomas et Mickael Sueur. L&#8217;\u00e9cart avec le peloton ne fait que grandir. Dans le circuit final Paul Seuwin distance ses compagnons d&#8217;\u00e9chapp\u00e9e et franchit la ligne d&#8217;arriv\u00e9e avec quelques secondes d&#8217;avance. Pierre Bettiol prend la 3\u00e8me place et Geoffrey Choron la 5\u00e8me.<\/p>\n<p><img loading=\"lazy\" decoding=\"async\" class=\"alignleft wp-image-516 size-large\" src=\"https:\/\/www.loisirs-cyclisme-crevecoeur.com\/wp-content\/uploads\/2019\/04\/seuwin_arriv\u00e9e1_gp_est_somme_07_04_19-1024x768.jpg\" alt=\"\" width=\"770\" height=\"578\" srcset=\"https:\/\/loisirs-cyclisme-crevecoeur.com\/wp-content\/uploads\/2019\/04\/seuwin_arriv\u00e9e1_gp_est_somme_07_04_19-1024x768.jpg 1024w, https:\/\/loisirs-cyclisme-crevecoeur.com\/wp-content\/uploads\/2019\/04\/seuwin_arriv\u00e9e1_gp_est_somme_07_04_19-300x225.jpg 300w, https:\/\/loisirs-cyclisme-crevecoeur.com\/wp-content\/uploads\/2019\/04\/seuwin_arriv\u00e9e1_gp_est_somme_07_04_19-768x576.jpg 768w, https:\/\/loisirs-cyclisme-crevecoeur.com\/wp-content\/uploads\/2019\/04\/seuwin_arriv\u00e9e1_gp_est_somme_07_04_19.jpg 1728w\" sizes=\"auto, (max-width: 770px) 100vw, 770px\" \/> <img loading=\"lazy\" decoding=\"async\" class=\"alignright wp-image-517 size-large\" src=\"https:\/\/www.loisirs-cyclisme-crevecoeur.com\/wp-content\/uploads\/2019\/04\/seuwin_arriv\u00e9e2_gp_est_somme_07_04_19-1024x768.jpg\" alt=\"\" width=\"770\" height=\"578\" srcset=\"https:\/\/loisirs-cyclisme-crevecoeur.com\/wp-content\/uploads\/2019\/04\/seuwin_arriv\u00e9e2_gp_est_somme_07_04_19-1024x768.jpg 1024w, https:\/\/loisirs-cyclisme-crevecoeur.com\/wp-content\/uploads\/2019\/04\/seuwin_arriv\u00e9e2_gp_est_somme_07_04_19-300x225.jpg 300w, https:\/\/loisirs-cyclisme-crevecoeur.com\/wp-content\/uploads\/2019\/04\/seuwin_arriv\u00e9e2_gp_est_somme_07_04_19-768x576.jpg 768w, https:\/\/loisirs-cyclisme-crevecoeur.com\/wp-content\/uploads\/2019\/04\/seuwin_arriv\u00e9e2_gp_est_somme_07_04_19.jpg 2016w\" sizes=\"auto, (max-width: 770px) 100vw, 770px\" \/><\/p>\n<p>F\u00e9licitations messieurs!<\/p>\n<p><img loading=\"lazy\" decoding=\"async\" class=\"aligncenter wp-image-518 size-large\" src=\"https:\/\/www.loisirs-cyclisme-crevecoeur.com\/wp-content\/uploads\/2019\/04\/podium_gp_est_somme_07_04_19-1024x768.jpg\" alt=\"\" width=\"770\" height=\"578\" srcset=\"https:\/\/loisirs-cyclisme-crevecoeur.com\/wp-content\/uploads\/2019\/04\/podium_gp_est_somme_07_04_19-1024x768.jpg 1024w, https:\/\/loisirs-cyclisme-crevecoeur.com\/wp-content\/uploads\/2019\/04\/podium_gp_est_somme_07_04_19-300x225.jpg 300w, https:\/\/loisirs-cyclisme-crevecoeur.com\/wp-content\/uploads\/2019\/04\/podium_gp_est_somme_07_04_19-768x576.jpg 768w, https:\/\/loisirs-cyclisme-crevecoeur.com\/wp-content\/uploads\/2019\/04\/podium_gp_est_somme_07_04_19.jpg 1728w\" sizes=\"auto, (max-width: 770px) 100vw, 770px\" \/><\/p>\n","protected":false},"excerpt":{"rendered":"<p>Dimanche 7 avril avait lieu le Grand Prix de l&#8217;Est de la Somme, disput\u00e9 entre Nesles et Ham sur 104km. [&hellip;]<\/p>\n","protected":false},"author":1,"featured_media":0,"comment_status":"closed","ping_status":"closed","sticky":false,"template":"","format":"standard","meta":{"_uag_custom_page_level_css":"","site-sidebar-layout":"default","site-content-layout":"","ast-site-content-layout":"default","site-content-style":"default","site-sidebar-style":"default","ast-global-header-display":"","ast-banner-title-visibility":"","ast-main-header-display":"","ast-hfb-above-header-display":"","ast-hfb-below-header-display":"","ast-hfb-mobile-header-display":"","site-post-title":"","ast-breadcrumbs-content":"","ast-featured-img":"","footer-sml-layout":"","ast-disable-related-posts":"","theme-transparent-header-meta":"","adv-header-id-meta":"","stick-header-meta":"","header-above-stick-meta":"","header-main-stick-meta":"","header-below-stick-meta":"","astra-migrate-meta-layouts":"default","ast-page-background-enabled":"default","ast-page-background-meta":{"desktop":{"background-color":"var(--ast-global-color-4)","background-image":"","background-repeat":"repeat","background-position":"center center","background-size":"auto","background-attachment":"scroll","background-type":"","background-media":"","overlay-type":"","overlay-color":"","overlay-opacity":"","overlay-gradient":""},"tablet":{"background-color":"","background-image":"","background-repeat":"repeat","background-position":"center center","background-size":"auto","background-attachment":"scroll","background-type":"","background-media":"","overlay-type":"","overlay-color":"","overlay-opacity":"","overlay-gradient":""},"mobile":{"background-color":"","background-image":"","background-repeat":"repeat","background-position":"center center","background-size":"auto","background-attachment":"scroll","background-type":"","background-media":"","overlay-type":"","overlay-color":"","overlay-opacity":"","overlay-gradient":""}},"ast-content-background-meta":{"desktop":{"background-color":"var(--ast-global-color-5)","background-image":"","background-repeat":"repeat","background-position":"center center","background-size":"auto","background-attachment":"scroll","background-type":"","background-media":"","overlay-type":"","overlay-color":"","overlay-opacity":"","overlay-gradient":""},"tablet":{"background-color":"var(--ast-global-color-5)","background-image":"","background-repeat":"repeat","background-position":"center center","background-size":"auto","background-attachment":"scroll","background-type":"","background-media":"","overlay-type":"","overlay-color":"","overlay-opacity":"","overlay-gradient":""},"mobile":{"background-color":"var(--ast-global-color-5)","background-image":"","background-repeat":"repeat","background-position":"center center","background-size":"auto","background-attachment":"scroll","background-type":"","background-media":"","overlay-type":"","overlay-color":"","overlay-opacity":"","overlay-gradient":""}},"footnotes":""},"categories":[23],"tags":[],"class_list":["post-514","post","type-post","status-publish","format-standard","hentry","category-resultats"],"uagb_featured_image_src":{"full":false,"thumbnail":false,"medium":false,"medium_large":false,"large":false,"1536x1536":false,"2048x2048":false},"uagb_author_info":{"display_name":"Olivier DE SAINT FUSCIEN","author_link":"https:\/\/loisirs-cyclisme-crevecoeur.com\/index.php\/author\/lccrevecoeur_admin\/"},"uagb_comment_info":0,"uagb_excerpt":"Dimanche 7 avril avait lieu le Grand Prix de l&#8217;Est de la Somme, disput\u00e9 entre Nesles et Ham sur 104km. [&hellip;]","_links":{"self":[{"href":"https:\/\/loisirs-cyclisme-crevecoeur.com\/index.php\/wp-json\/wp\/v2\/posts\/514","targetHints":{"allow":["GET"]}}],"collection":[{"href":"https:\/\/loisirs-cyclisme-crevecoeur.com\/index.php\/wp-json\/wp\/v2\/posts"}],"about":[{"href":"https:\/\/loisirs-cyclisme-crevecoeur.com\/index.php\/wp-json\/wp\/v2\/types\/post"}],"author":[{"embeddable":true,"href":"https:\/\/loisirs-cyclisme-crevecoeur.com\/index.php\/wp-json\/wp\/v2\/users\/1"}],"replies":[{"embeddable":true,"href":"https:\/\/loisirs-cyclisme-crevecoeur.com\/index.php\/wp-json\/wp\/v2\/comments?post=514"}],"version-history":[{"count":1,"href":"https:\/\/loisirs-cyclisme-crevecoeur.com\/index.php\/wp-json\/wp\/v2\/posts\/514\/revisions"}],"predecessor-version":[{"id":519,"href":"https:\/\/loisirs-cyclisme-crevecoeur.com\/index.php\/wp-json\/wp\/v2\/posts\/514\/revisions\/519"}],"wp:attachment":[{"href":"https:\/\/loisirs-cyclisme-crevecoeur.com\/index.php\/wp-json\/wp\/v2\/media?parent=514"}],"wp:term":[{"taxonomy":"category","embeddable":true,"href":"https:\/\/loisirs-cyclisme-crevecoeur.com\/index.php\/wp-json\/wp\/v2\/categories?post=514"},{"taxonomy":"post_tag","embeddable":true,"href":"https:\/\/loisirs-cyclisme-crevecoeur.com\/index.php\/wp-json\/wp\/v2\/tags?post=514"}],"curies":[{"name":"wp","href":"https:\/\/api.w.org\/{rel}","templated":true}]}}