{"id":490,"date":"2019-03-26T09:45:22","date_gmt":"2019-03-26T08:45:22","guid":{"rendered":"https:\/\/www.loisirs-cyclisme-crevecoeur.com\/?p=490"},"modified":"2024-11-05T12:24:30","modified_gmt":"2024-11-05T11:24:30","slug":"prix-du-printemps-2019","status":"publish","type":"post","link":"https:\/\/loisirs-cyclisme-crevecoeur.com\/index.php\/2019\/03\/26\/prix-du-printemps-2019\/","title":{"rendered":"Prix du Printemps 2019"},"content":{"rendered":"<p>C&#8217;est sous le soleil que s&#8217;est d\u00e9roul\u00e9 le Prix du Printemps \u00e0 Cr\u00e8vecoeur-le-Grand.<\/p>\n<p>Ce sont tout d&#8217;abord les 2\u00e8me et 4\u00e8me cat\u00e9gories qui s&#8217;\u00e9lancent.<br \/>\nEn 2\u00e8me cat\u00e9gorie, la course est anim\u00e9e avant que la bonne \u00e9chapp\u00e9e se forme. Les 13 hommes qui la composent s&#8217;entendent bien et creusent l&#8217;\u00e9cart avec le peloton. Dans le dernier tour quelques coureurs arrivent \u00e0 faire la diff\u00e9rence pour venir se disputer la victoire. L\u00e9o MALPART (AC Ami\u00e9noise) se montre le plus rapide devant Pierre-Aubert BAL (Beauvais Team Cycliste) et St\u00e9phane FRUIT (VC M\u00e9ruvien).<\/p>\n<p><img loading=\"lazy\" decoding=\"async\" class=\"alignleft wp-image-498 size-medium\" src=\"https:\/\/www.loisirs-cyclisme-crevecoeur.com\/wp-content\/uploads\/2019\/03\/arriv\u00e9e_2-300x200.jpg\" alt=\"\" width=\"300\" height=\"200\" srcset=\"https:\/\/loisirs-cyclisme-crevecoeur.com\/wp-content\/uploads\/2019\/03\/arriv\u00e9e_2-300x200.jpg 300w, https:\/\/loisirs-cyclisme-crevecoeur.com\/wp-content\/uploads\/2019\/03\/arriv\u00e9e_2-768x512.jpg 768w, https:\/\/loisirs-cyclisme-crevecoeur.com\/wp-content\/uploads\/2019\/03\/arriv\u00e9e_2-1024x683.jpg 1024w, https:\/\/loisirs-cyclisme-crevecoeur.com\/wp-content\/uploads\/2019\/03\/arriv\u00e9e_2-770x513.jpg 770w, https:\/\/loisirs-cyclisme-crevecoeur.com\/wp-content\/uploads\/2019\/03\/arriv\u00e9e_2-370x247.jpg 370w\" sizes=\"auto, (max-width: 300px) 100vw, 300px\" \/><img loading=\"lazy\" decoding=\"async\" class=\"alignright wp-image-499 size-medium\" src=\"https:\/\/www.loisirs-cyclisme-crevecoeur.com\/wp-content\/uploads\/2019\/03\/podium_2-300x260.jpg\" alt=\"\" width=\"300\" height=\"260\" srcset=\"https:\/\/loisirs-cyclisme-crevecoeur.com\/wp-content\/uploads\/2019\/03\/podium_2-300x260.jpg 300w, https:\/\/loisirs-cyclisme-crevecoeur.com\/wp-content\/uploads\/2019\/03\/podium_2-768x665.jpg 768w, https:\/\/loisirs-cyclisme-crevecoeur.com\/wp-content\/uploads\/2019\/03\/podium_2-1024x887.jpg 1024w\" sizes=\"auto, (max-width: 300px) 100vw, 300px\" \/><\/p>\n<p>&nbsp;<\/p>\n<p>&nbsp;<\/p>\n<p>&nbsp;<\/p>\n<p>&nbsp;<\/p>\n<p>&nbsp;<\/p>\n<p>&nbsp;<\/p>\n<p>&nbsp;<\/p>\n<p>En 4\u00e8me cat\u00e9gorie, dans le 2\u00e8me tour le peloton casse en 2 parties. On retrouve une vingtaine de coureurs \u00e0 l&#8217;avant de la course, l&#8217;\u00e9cart avec le 2\u00e8me groupe se creuse au fil des tours. Dans le dernier tour Christian DUHAMEL (VC Eudois et Breslois) tente sa chance en solitaire, personne ne r\u00e9agit le laissant filer vers la victoire. Christophe TASSART (AC Margny les Compi\u00e8gne) et Franck BRIMEUX (Compi\u00e8gne SC) viennent prendre les 2\u00e8me et 3\u00e8me places.<\/p>\n<p><img loading=\"lazy\" decoding=\"async\" class=\"aligncenter wp-image-500 size-medium\" src=\"https:\/\/www.loisirs-cyclisme-crevecoeur.com\/wp-content\/uploads\/2019\/03\/podium_gs-300x200.jpg\" alt=\"\" width=\"300\" height=\"200\" srcset=\"https:\/\/loisirs-cyclisme-crevecoeur.com\/wp-content\/uploads\/2019\/03\/podium_gs-300x200.jpg 300w, https:\/\/loisirs-cyclisme-crevecoeur.com\/wp-content\/uploads\/2019\/03\/podium_gs-768x512.jpg 768w, https:\/\/loisirs-cyclisme-crevecoeur.com\/wp-content\/uploads\/2019\/03\/podium_gs-1024x683.jpg 1024w, https:\/\/loisirs-cyclisme-crevecoeur.com\/wp-content\/uploads\/2019\/03\/podium_gs-770x513.jpg 770w, https:\/\/loisirs-cyclisme-crevecoeur.com\/wp-content\/uploads\/2019\/03\/podium_gs-370x247.jpg 370w\" sizes=\"auto, (max-width: 300px) 100vw, 300px\" \/><\/p>\n<p>Place aux 1\u00e8re et 3\u00e8me cat\u00e9gories.<\/p>\n<p>En 1\u00e8re cat\u00e9gorie, la course est anim\u00e9e et on retrouve une vingtaine d&#8217;hommes en t\u00eate de course, sous l&#8217;impulsion des coureurs du LC Cr\u00e8vecoeur, 5 hommes s&#8217;extirpent de ce groupe o\u00f9 l&#8217;on retrouve 3 cr\u00e9picordiens. Mais \u00e0 l&#8217;amorce du dernier tour nous assistons \u00e0 un regroupement g\u00e9n\u00e9ral. La d\u00e9cision se fera dans le dernier tour o\u00f9 6 coureurs sortent du peloton pour se disputer la victoire. C&#8217;est Thibaut RONDEAU (LC Cr\u00e8vecoeur) qui remporte l&#8217;\u00e9preuve devant son co\u00e9quipier Olivier DE SAINT FUSCIEN, Sullivan LEMOINE (VC M\u00e9ruvien) compl\u00e8te le podium. Beau doubl\u00e9 du LC Cr\u00e8vecoeur sur ses terres!<\/p>\n<p><img loading=\"lazy\" decoding=\"async\" class=\"size-medium wp-image-501 alignleft\" src=\"https:\/\/www.loisirs-cyclisme-crevecoeur.com\/wp-content\/uploads\/2019\/03\/arriv\u00e9e_1-300x200.jpg\" alt=\"\" width=\"300\" height=\"200\" srcset=\"https:\/\/loisirs-cyclisme-crevecoeur.com\/wp-content\/uploads\/2019\/03\/arriv\u00e9e_1-300x200.jpg 300w, https:\/\/loisirs-cyclisme-crevecoeur.com\/wp-content\/uploads\/2019\/03\/arriv\u00e9e_1-768x512.jpg 768w, https:\/\/loisirs-cyclisme-crevecoeur.com\/wp-content\/uploads\/2019\/03\/arriv\u00e9e_1-1024x683.jpg 1024w, https:\/\/loisirs-cyclisme-crevecoeur.com\/wp-content\/uploads\/2019\/03\/arriv\u00e9e_1-770x513.jpg 770w, https:\/\/loisirs-cyclisme-crevecoeur.com\/wp-content\/uploads\/2019\/03\/arriv\u00e9e_1-370x247.jpg 370w\" sizes=\"auto, (max-width: 300px) 100vw, 300px\" \/><img loading=\"lazy\" decoding=\"async\" class=\"size-medium wp-image-502 alignright\" src=\"https:\/\/www.loisirs-cyclisme-crevecoeur.com\/wp-content\/uploads\/2019\/03\/podium_1-300x259.jpg\" alt=\"\" width=\"300\" height=\"259\" srcset=\"https:\/\/loisirs-cyclisme-crevecoeur.com\/wp-content\/uploads\/2019\/03\/podium_1-300x259.jpg 300w, https:\/\/loisirs-cyclisme-crevecoeur.com\/wp-content\/uploads\/2019\/03\/podium_1-768x663.jpg 768w, https:\/\/loisirs-cyclisme-crevecoeur.com\/wp-content\/uploads\/2019\/03\/podium_1-1024x884.jpg 1024w\" sizes=\"auto, (max-width: 300px) 100vw, 300px\" \/><\/p>\n<p>&nbsp;<\/p>\n<p>&nbsp;<\/p>\n<p>&nbsp;<\/p>\n<p>&nbsp;<\/p>\n<p>&nbsp;<\/p>\n<p>&nbsp;<\/p>\n<p>&nbsp;<\/p>\n<p>En 3\u00e8me cat\u00e9gorie, 2 hommes creusent rapidement l&#8217;\u00e9cart avec le peloton. Bertrand FAGART (Amiens Cycling Team) et Maurice BOITEL (AS Thourottoise) unissent leurs efforts et dans le dernier tour le coureur ami\u00e9nois part seul vers la victoire. Son compagnon d&#8217;\u00e9chapp\u00e9e sera repris par le peloton qui se pr\u00e9sente pour la 2\u00e8me place. Guillaume BOURGOIS (Amiens Cycling Team) r\u00e8gle le sprint du peloton, Romain COUCHOUD (UC Liancourt) prend la 3\u00e8me place.<\/p>\n<p><img loading=\"lazy\" decoding=\"async\" class=\"size-medium wp-image-503 alignleft\" src=\"https:\/\/www.loisirs-cyclisme-crevecoeur.com\/wp-content\/uploads\/2019\/03\/arriv\u00e9e_3-300x144.jpg\" alt=\"\" width=\"300\" height=\"144\" srcset=\"https:\/\/loisirs-cyclisme-crevecoeur.com\/wp-content\/uploads\/2019\/03\/arriv\u00e9e_3-300x144.jpg 300w, https:\/\/loisirs-cyclisme-crevecoeur.com\/wp-content\/uploads\/2019\/03\/arriv\u00e9e_3-768x368.jpg 768w, https:\/\/loisirs-cyclisme-crevecoeur.com\/wp-content\/uploads\/2019\/03\/arriv\u00e9e_3-1024x491.jpg 1024w\" sizes=\"auto, (max-width: 300px) 100vw, 300px\" \/><img loading=\"lazy\" decoding=\"async\" class=\"size-medium wp-image-504 alignright\" src=\"https:\/\/www.loisirs-cyclisme-crevecoeur.com\/wp-content\/uploads\/2019\/03\/podium_3-300x233.jpg\" alt=\"\" width=\"300\" height=\"233\" srcset=\"https:\/\/loisirs-cyclisme-crevecoeur.com\/wp-content\/uploads\/2019\/03\/podium_3-300x233.jpg 300w, https:\/\/loisirs-cyclisme-crevecoeur.com\/wp-content\/uploads\/2019\/03\/podium_3-768x596.jpg 768w, https:\/\/loisirs-cyclisme-crevecoeur.com\/wp-content\/uploads\/2019\/03\/podium_3-1024x795.jpg 1024w\" sizes=\"auto, (max-width: 300px) 100vw, 300px\" \/><\/p>\n<p>&nbsp;<\/p>\n<p>&nbsp;<\/p>\n<p>&nbsp;<\/p>\n<p>&nbsp;<\/p>\n<p>&nbsp;<\/p>\n<p>&nbsp;<\/p>\n<p>&nbsp;<\/p>\n<p>Florent LONGUEPEE (SC Val d&#8217;Arr\u00e9) s&#8217;impose en Minime, tout comme Nicod\u00e8me EMERY (AC Ami\u00e9noise) en Cadet, Flavie DOUCHET (SC Val d&#8217;Arr\u00e9) finit 1\u00e8re Cadette.<\/p>\n<p><img loading=\"lazy\" decoding=\"async\" class=\"size-medium wp-image-505 alignleft\" src=\"https:\/\/www.loisirs-cyclisme-crevecoeur.com\/wp-content\/uploads\/2019\/03\/podium_cadet-300x244.jpg\" alt=\"\" width=\"300\" height=\"244\" srcset=\"https:\/\/loisirs-cyclisme-crevecoeur.com\/wp-content\/uploads\/2019\/03\/podium_cadet-300x244.jpg 300w, https:\/\/loisirs-cyclisme-crevecoeur.com\/wp-content\/uploads\/2019\/03\/podium_cadet-768x625.jpg 768w, https:\/\/loisirs-cyclisme-crevecoeur.com\/wp-content\/uploads\/2019\/03\/podium_cadet-1024x833.jpg 1024w\" sizes=\"auto, (max-width: 300px) 100vw, 300px\" \/> <img loading=\"lazy\" decoding=\"async\" class=\"size-medium wp-image-506 alignright\" src=\"https:\/\/www.loisirs-cyclisme-crevecoeur.com\/wp-content\/uploads\/2019\/03\/podium_minime-300x248.jpg\" alt=\"\" width=\"300\" height=\"248\" srcset=\"https:\/\/loisirs-cyclisme-crevecoeur.com\/wp-content\/uploads\/2019\/03\/podium_minime-300x248.jpg 300w, https:\/\/loisirs-cyclisme-crevecoeur.com\/wp-content\/uploads\/2019\/03\/podium_minime-768x634.jpg 768w, https:\/\/loisirs-cyclisme-crevecoeur.com\/wp-content\/uploads\/2019\/03\/podium_minime-1024x846.jpg 1024w\" sizes=\"auto, (max-width: 300px) 100vw, 300px\" \/><\/p>\n<p>&nbsp;<\/p>\n<p>&nbsp;<\/p>\n<p>&nbsp;<\/p>\n<p>&nbsp;<\/p>\n<p>&nbsp;<\/p>\n<p>&nbsp;<\/p>\n<p>Nous vous attendons nombreux le 14 avril \u00e0 Le Gallet pour notre prochaine organisation.<\/p>\n<p>Les classements complets :<\/p>\n<p>[embeddoc url=&#8221;https:\/\/www.loisirs-cyclisme-crevecoeur.com\/wp-content\/uploads\/2019\/03\/Classements_Crevecoeur.pdf&#8221; viewer=&#8221;google&#8221;]<\/p>\n","protected":false},"excerpt":{"rendered":"<p>C&#8217;est sous le soleil que s&#8217;est d\u00e9roul\u00e9 le Prix du Printemps \u00e0 Cr\u00e8vecoeur-le-Grand. Ce sont tout d&#8217;abord les 2\u00e8me et [&hellip;]<\/p>\n","protected":false},"author":1,"featured_media":0,"comment_status":"closed","ping_status":"closed","sticky":false,"template":"","format":"standard","meta":{"_uag_custom_page_level_css":"","site-sidebar-layout":"default","site-content-layout":"","ast-site-content-layout":"default","site-content-style":"default","site-sidebar-style":"default","ast-global-header-display":"","ast-banner-title-visibility":"","ast-main-header-display":"","ast-hfb-above-header-display":"","ast-hfb-below-header-display":"","ast-hfb-mobile-header-display":"","site-post-title":"","ast-breadcrumbs-content":"","ast-featured-img":"","footer-sml-layout":"","ast-disable-related-posts":"","theme-transparent-header-meta":"","adv-header-id-meta":"","stick-header-meta":"","header-above-stick-meta":"","header-main-stick-meta":"","header-below-stick-meta":"","astra-migrate-meta-layouts":"default","ast-page-background-enabled":"default","ast-page-background-meta":{"desktop":{"background-color":"var(--ast-global-color-4)","background-image":"","background-repeat":"repeat","background-position":"center center","background-size":"auto","background-attachment":"scroll","background-type":"","background-media":"","overlay-type":"","overlay-color":"","overlay-opacity":"","overlay-gradient":""},"tablet":{"background-color":"","background-image":"","background-repeat":"repeat","background-position":"center center","background-size":"auto","background-attachment":"scroll","background-type":"","background-media":"","overlay-type":"","overlay-color":"","overlay-opacity":"","overlay-gradient":""},"mobile":{"background-color":"","background-image":"","background-repeat":"repeat","background-position":"center center","background-size":"auto","background-attachment":"scroll","background-type":"","background-media":"","overlay-type":"","overlay-color":"","overlay-opacity":"","overlay-gradient":""}},"ast-content-background-meta":{"desktop":{"background-color":"var(--ast-global-color-5)","background-image":"","background-repeat":"repeat","background-position":"center center","background-size":"auto","background-attachment":"scroll","background-type":"","background-media":"","overlay-type":"","overlay-color":"","overlay-opacity":"","overlay-gradient":""},"tablet":{"background-color":"var(--ast-global-color-5)","background-image":"","background-repeat":"repeat","background-position":"center center","background-size":"auto","background-attachment":"scroll","background-type":"","background-media":"","overlay-type":"","overlay-color":"","overlay-opacity":"","overlay-gradient":""},"mobile":{"background-color":"var(--ast-global-color-5)","background-image":"","background-repeat":"repeat","background-position":"center center","background-size":"auto","background-attachment":"scroll","background-type":"","background-media":"","overlay-type":"","overlay-color":"","overlay-opacity":"","overlay-gradient":""}},"footnotes":""},"categories":[23],"tags":[],"class_list":["post-490","post","type-post","status-publish","format-standard","hentry","category-resultats"],"uagb_featured_image_src":{"full":false,"thumbnail":false,"medium":false,"medium_large":false,"large":false,"1536x1536":false,"2048x2048":false},"uagb_author_info":{"display_name":"Olivier DE SAINT FUSCIEN","author_link":"https:\/\/loisirs-cyclisme-crevecoeur.com\/index.php\/author\/lccrevecoeur_admin\/"},"uagb_comment_info":0,"uagb_excerpt":"C&#8217;est sous le soleil que s&#8217;est d\u00e9roul\u00e9 le Prix du Printemps \u00e0 Cr\u00e8vecoeur-le-Grand. Ce sont tout d&#8217;abord les 2\u00e8me et [&hellip;]","_links":{"self":[{"href":"https:\/\/loisirs-cyclisme-crevecoeur.com\/index.php\/wp-json\/wp\/v2\/posts\/490","targetHints":{"allow":["GET"]}}],"collection":[{"href":"https:\/\/loisirs-cyclisme-crevecoeur.com\/index.php\/wp-json\/wp\/v2\/posts"}],"about":[{"href":"https:\/\/loisirs-cyclisme-crevecoeur.com\/index.php\/wp-json\/wp\/v2\/types\/post"}],"author":[{"embeddable":true,"href":"https:\/\/loisirs-cyclisme-crevecoeur.com\/index.php\/wp-json\/wp\/v2\/users\/1"}],"replies":[{"embeddable":true,"href":"https:\/\/loisirs-cyclisme-crevecoeur.com\/index.php\/wp-json\/wp\/v2\/comments?post=490"}],"version-history":[{"count":5,"href":"https:\/\/loisirs-cyclisme-crevecoeur.com\/index.php\/wp-json\/wp\/v2\/posts\/490\/revisions"}],"predecessor-version":[{"id":507,"href":"https:\/\/loisirs-cyclisme-crevecoeur.com\/index.php\/wp-json\/wp\/v2\/posts\/490\/revisions\/507"}],"wp:attachment":[{"href":"https:\/\/loisirs-cyclisme-crevecoeur.com\/index.php\/wp-json\/wp\/v2\/media?parent=490"}],"wp:term":[{"taxonomy":"category","embeddable":true,"href":"https:\/\/loisirs-cyclisme-crevecoeur.com\/index.php\/wp-json\/wp\/v2\/categories?post=490"},{"taxonomy":"post_tag","embeddable":true,"href":"https:\/\/loisirs-cyclisme-crevecoeur.com\/index.php\/wp-json\/wp\/v2\/tags?post=490"}],"curies":[{"name":"wp","href":"https:\/\/api.w.org\/{rel}","templated":true}]}}