{"id":412,"date":"2018-11-27T10:04:33","date_gmt":"2018-11-27T09:04:33","guid":{"rendered":"https:\/\/www.loisirs-cyclisme-crevecoeur.com\/?p=412"},"modified":"2024-11-05T12:24:30","modified_gmt":"2024-11-05T11:24:30","slug":"fin-de-saison-2018","status":"publish","type":"post","link":"https:\/\/loisirs-cyclisme-crevecoeur.com\/index.php\/2018\/11\/27\/fin-de-saison-2018\/","title":{"rendered":"Fin de saison 2018"},"content":{"rendered":"<p>De jolis succ\u00e8s collectifs sur route en cette fin de saison 2018 pour le LCC :<\/p>\n<p>Paul Seuwin a \u00e9t\u00e9 d\u00e9clar\u00e9 vainqueur ex aequo (impossible de le d\u00e9partager \u00e0 la photo finish avec Guillaume L\u00e9onard) du Criterium de Catenoy le 25\/08.<\/p>\n<p><img loading=\"lazy\" decoding=\"async\" class=\"size-medium wp-image-413 alignleft\" src=\"https:\/\/www.loisirs-cyclisme-crevecoeur.com\/wp-content\/uploads\/2018\/11\/seuwin_25_08_18-300x169.jpg\" alt=\"\" width=\"300\" height=\"169\" srcset=\"https:\/\/loisirs-cyclisme-crevecoeur.com\/wp-content\/uploads\/2018\/11\/seuwin_25_08_18-300x169.jpg 300w, https:\/\/loisirs-cyclisme-crevecoeur.com\/wp-content\/uploads\/2018\/11\/seuwin_25_08_18-768x432.jpg 768w, https:\/\/loisirs-cyclisme-crevecoeur.com\/wp-content\/uploads\/2018\/11\/seuwin_25_08_18-1024x576.jpg 1024w, https:\/\/loisirs-cyclisme-crevecoeur.com\/wp-content\/uploads\/2018\/11\/seuwin_25_08_18.jpg 1920w\" sizes=\"auto, (max-width: 300px) 100vw, 300px\" \/> <img loading=\"lazy\" decoding=\"async\" class=\"size-medium wp-image-415 alignnone\" src=\"https:\/\/www.loisirs-cyclisme-crevecoeur.com\/wp-content\/uploads\/2018\/11\/seuwin_podium_25_08_18-300x169.jpg\" alt=\"\" width=\"300\" height=\"169\" srcset=\"https:\/\/loisirs-cyclisme-crevecoeur.com\/wp-content\/uploads\/2018\/11\/seuwin_podium_25_08_18-300x169.jpg 300w, https:\/\/loisirs-cyclisme-crevecoeur.com\/wp-content\/uploads\/2018\/11\/seuwin_podium_25_08_18-768x432.jpg 768w, https:\/\/loisirs-cyclisme-crevecoeur.com\/wp-content\/uploads\/2018\/11\/seuwin_podium_25_08_18-1024x576.jpg 1024w, https:\/\/loisirs-cyclisme-crevecoeur.com\/wp-content\/uploads\/2018\/11\/seuwin_podium_25_08_18.jpg 1920w\" sizes=\"auto, (max-width: 300px) 100vw, 300px\" \/><\/p>\n<p>En grande forme en cette fin de saison, Paul Seuwin a \u00e9galement remport\u00e9 le criterium de Grandvilliers le 31\/08 en \u00e9crasant la concurrence, en mettant un tour au peloton!<\/p>\n<p>Tr\u00e8s r\u00e9gulier cet \u00e9t\u00e9, Alexis Thomas a enfin lev\u00e9 les bras en remportant l&#8217;\u00e9preuve de Fitz James (Pass Cyclisme) devant son co\u00e9quipier Paul Seuwin.<\/p>\n<p><img loading=\"lazy\" decoding=\"async\" class=\"size-medium wp-image-416 aligncenter\" src=\"https:\/\/www.loisirs-cyclisme-crevecoeur.com\/wp-content\/uploads\/2018\/11\/thomas_02_09_18-225x300.jpg\" alt=\"\" width=\"225\" height=\"300\" srcset=\"https:\/\/loisirs-cyclisme-crevecoeur.com\/wp-content\/uploads\/2018\/11\/thomas_02_09_18-225x300.jpg 225w, https:\/\/loisirs-cyclisme-crevecoeur.com\/wp-content\/uploads\/2018\/11\/thomas_02_09_18-768x1024.jpg 768w\" sizes=\"auto, (max-width: 225px) 100vw, 225px\" \/><\/p>\n<p>Pierre Bettiol a remport\u00e9 la course du Meux le 08 septembre.<\/p>\n<p><img loading=\"lazy\" decoding=\"async\" class=\"size-medium wp-image-417 aligncenter\" src=\"https:\/\/www.loisirs-cyclisme-crevecoeur.com\/wp-content\/uploads\/2018\/11\/bettiol_08_09_18-300x270.jpg\" alt=\"\" width=\"300\" height=\"270\" srcset=\"https:\/\/loisirs-cyclisme-crevecoeur.com\/wp-content\/uploads\/2018\/11\/bettiol_08_09_18-300x270.jpg 300w, https:\/\/loisirs-cyclisme-crevecoeur.com\/wp-content\/uploads\/2018\/11\/bettiol_08_09_18.jpg 558w\" sizes=\"auto, (max-width: 300px) 100vw, 300px\" \/><\/p>\n<p>Paul a de nouveau lev\u00e9 les bras \u00e0 Mouy le 11\/09.<\/p>\n<p><img loading=\"lazy\" decoding=\"async\" class=\"size-medium wp-image-418 aligncenter\" src=\"https:\/\/www.loisirs-cyclisme-crevecoeur.com\/wp-content\/uploads\/2018\/11\/seuwin_11_09_18-169x300.jpg\" alt=\"\" width=\"169\" height=\"300\" srcset=\"https:\/\/loisirs-cyclisme-crevecoeur.com\/wp-content\/uploads\/2018\/11\/seuwin_11_09_18-169x300.jpg 169w, https:\/\/loisirs-cyclisme-crevecoeur.com\/wp-content\/uploads\/2018\/11\/seuwin_11_09_18.jpg 360w\" sizes=\"auto, (max-width: 169px) 100vw, 169px\" \/><\/p>\n<p>Le dimanche 12 septembre, c&#8217;est Jean Charles Saniez qui a gagn\u00e9 la course de Beauvais, au terme d&#8217;une superbe course d&#8217;\u00e9quipe, puisque il devance son co\u00e9quipier Alexix Thomas. Le LCC signant ainsi, un nouveau doubl\u00e9!<\/p>\n<p><img loading=\"lazy\" decoding=\"async\" class=\"size-medium wp-image-419 aligncenter\" src=\"https:\/\/www.loisirs-cyclisme-crevecoeur.com\/wp-content\/uploads\/2018\/11\/saniez_12_09_18-200x300.jpg\" alt=\"\" width=\"200\" height=\"300\" srcset=\"https:\/\/loisirs-cyclisme-crevecoeur.com\/wp-content\/uploads\/2018\/11\/saniez_12_09_18-200x300.jpg 200w, https:\/\/loisirs-cyclisme-crevecoeur.com\/wp-content\/uploads\/2018\/11\/saniez_12_09_18-684x1024.jpg 684w, https:\/\/loisirs-cyclisme-crevecoeur.com\/wp-content\/uploads\/2018\/11\/saniez_12_09_18.jpg 721w\" sizes=\"auto, (max-width: 200px) 100vw, 200px\" \/><\/p>\n<p>Laurent Poyer a vu sa r\u00e9gularit\u00e9 et son s\u00e9rieux \u00e0 l&#8217;entrainement r\u00e9compens\u00e9 lors de la course de Flocques, organis\u00e9es le 29\/09, en battant ses compagnons d&#8217;\u00e9chapp\u00e9e pour la victoire en 3\u00e8me cat\u00e9gorie.<\/p>\n<p><img loading=\"lazy\" decoding=\"async\" class=\"size-medium wp-image-420 aligncenter\" src=\"https:\/\/www.loisirs-cyclisme-crevecoeur.com\/wp-content\/uploads\/2018\/11\/poyer_29_09_18-291x300.jpg\" alt=\"\" width=\"291\" height=\"300\" srcset=\"https:\/\/loisirs-cyclisme-crevecoeur.com\/wp-content\/uploads\/2018\/11\/poyer_29_09_18-291x300.jpg 291w, https:\/\/loisirs-cyclisme-crevecoeur.com\/wp-content\/uploads\/2018\/11\/poyer_29_09_18-768x791.jpg 768w, https:\/\/loisirs-cyclisme-crevecoeur.com\/wp-content\/uploads\/2018\/11\/poyer_29_09_18.jpg 932w\" sizes=\"auto, (max-width: 291px) 100vw, 291px\" \/><\/p>\n<p>Et pour cl\u00f4turer la saison route 2018, quoi de mieux qu&#8217;un nouveau doubl\u00e9 en 1\u00e8re cat\u00e9gorie&#8230; C&#8217;est Paul Seuwin qui s&#8217;impose devant Geoffrey Choron \u00e0 Saint Maximin le 30 septembre.<\/p>\n<p><img loading=\"lazy\" decoding=\"async\" class=\"size-medium wp-image-414 aligncenter\" src=\"https:\/\/www.loisirs-cyclisme-crevecoeur.com\/wp-content\/uploads\/2018\/11\/seuwin_31_09_18-300x200.jpg\" alt=\"\" width=\"300\" height=\"200\" srcset=\"https:\/\/loisirs-cyclisme-crevecoeur.com\/wp-content\/uploads\/2018\/11\/seuwin_31_09_18-300x200.jpg 300w, https:\/\/loisirs-cyclisme-crevecoeur.com\/wp-content\/uploads\/2018\/11\/seuwin_31_09_18-768x512.jpg 768w, https:\/\/loisirs-cyclisme-crevecoeur.com\/wp-content\/uploads\/2018\/11\/seuwin_31_09_18-770x513.jpg 770w, https:\/\/loisirs-cyclisme-crevecoeur.com\/wp-content\/uploads\/2018\/11\/seuwin_31_09_18-370x247.jpg 370w, https:\/\/loisirs-cyclisme-crevecoeur.com\/wp-content\/uploads\/2018\/11\/seuwin_31_09_18.jpg 960w\" sizes=\"auto, (max-width: 300px) 100vw, 300px\" \/><\/p>\n<p>Bravo \u00e0 tous!<\/p>\n","protected":false},"excerpt":{"rendered":"<p>De jolis succ\u00e8s collectifs sur route en cette fin de saison 2018 pour le LCC : Paul Seuwin a \u00e9t\u00e9 [&hellip;]<\/p>\n","protected":false},"author":1,"featured_media":0,"comment_status":"closed","ping_status":"closed","sticky":false,"template":"","format":"standard","meta":{"_uag_custom_page_level_css":"","site-sidebar-layout":"default","site-content-layout":"","ast-site-content-layout":"default","site-content-style":"default","site-sidebar-style":"default","ast-global-header-display":"","ast-banner-title-visibility":"","ast-main-header-display":"","ast-hfb-above-header-display":"","ast-hfb-below-header-display":"","ast-hfb-mobile-header-display":"","site-post-title":"","ast-breadcrumbs-content":"","ast-featured-img":"","footer-sml-layout":"","ast-disable-related-posts":"","theme-transparent-header-meta":"","adv-header-id-meta":"","stick-header-meta":"","header-above-stick-meta":"","header-main-stick-meta":"","header-below-stick-meta":"","astra-migrate-meta-layouts":"default","ast-page-background-enabled":"default","ast-page-background-meta":{"desktop":{"background-color":"var(--ast-global-color-4)","background-image":"","background-repeat":"repeat","background-position":"center center","background-size":"auto","background-attachment":"scroll","background-type":"","background-media":"","overlay-type":"","overlay-color":"","overlay-opacity":"","overlay-gradient":""},"tablet":{"background-color":"","background-image":"","background-repeat":"repeat","background-position":"center center","background-size":"auto","background-attachment":"scroll","background-type":"","background-media":"","overlay-type":"","overlay-color":"","overlay-opacity":"","overlay-gradient":""},"mobile":{"background-color":"","background-image":"","background-repeat":"repeat","background-position":"center center","background-size":"auto","background-attachment":"scroll","background-type":"","background-media":"","overlay-type":"","overlay-color":"","overlay-opacity":"","overlay-gradient":""}},"ast-content-background-meta":{"desktop":{"background-color":"var(--ast-global-color-5)","background-image":"","background-repeat":"repeat","background-position":"center center","background-size":"auto","background-attachment":"scroll","background-type":"","background-media":"","overlay-type":"","overlay-color":"","overlay-opacity":"","overlay-gradient":""},"tablet":{"background-color":"var(--ast-global-color-5)","background-image":"","background-repeat":"repeat","background-position":"center center","background-size":"auto","background-attachment":"scroll","background-type":"","background-media":"","overlay-type":"","overlay-color":"","overlay-opacity":"","overlay-gradient":""},"mobile":{"background-color":"var(--ast-global-color-5)","background-image":"","background-repeat":"repeat","background-position":"center center","background-size":"auto","background-attachment":"scroll","background-type":"","background-media":"","overlay-type":"","overlay-color":"","overlay-opacity":"","overlay-gradient":""}},"footnotes":""},"categories":[23],"tags":[],"class_list":["post-412","post","type-post","status-publish","format-standard","hentry","category-resultats"],"uagb_featured_image_src":{"full":false,"thumbnail":false,"medium":false,"medium_large":false,"large":false,"1536x1536":false,"2048x2048":false},"uagb_author_info":{"display_name":"Olivier DE SAINT FUSCIEN","author_link":"https:\/\/loisirs-cyclisme-crevecoeur.com\/index.php\/author\/lccrevecoeur_admin\/"},"uagb_comment_info":0,"uagb_excerpt":"De jolis succ\u00e8s collectifs sur route en cette fin de saison 2018 pour le LCC : Paul Seuwin a \u00e9t\u00e9 [&hellip;]","_links":{"self":[{"href":"https:\/\/loisirs-cyclisme-crevecoeur.com\/index.php\/wp-json\/wp\/v2\/posts\/412","targetHints":{"allow":["GET"]}}],"collection":[{"href":"https:\/\/loisirs-cyclisme-crevecoeur.com\/index.php\/wp-json\/wp\/v2\/posts"}],"about":[{"href":"https:\/\/loisirs-cyclisme-crevecoeur.com\/index.php\/wp-json\/wp\/v2\/types\/post"}],"author":[{"embeddable":true,"href":"https:\/\/loisirs-cyclisme-crevecoeur.com\/index.php\/wp-json\/wp\/v2\/users\/1"}],"replies":[{"embeddable":true,"href":"https:\/\/loisirs-cyclisme-crevecoeur.com\/index.php\/wp-json\/wp\/v2\/comments?post=412"}],"version-history":[{"count":1,"href":"https:\/\/loisirs-cyclisme-crevecoeur.com\/index.php\/wp-json\/wp\/v2\/posts\/412\/revisions"}],"predecessor-version":[{"id":421,"href":"https:\/\/loisirs-cyclisme-crevecoeur.com\/index.php\/wp-json\/wp\/v2\/posts\/412\/revisions\/421"}],"wp:attachment":[{"href":"https:\/\/loisirs-cyclisme-crevecoeur.com\/index.php\/wp-json\/wp\/v2\/media?parent=412"}],"wp:term":[{"taxonomy":"category","embeddable":true,"href":"https:\/\/loisirs-cyclisme-crevecoeur.com\/index.php\/wp-json\/wp\/v2\/categories?post=412"},{"taxonomy":"post_tag","embeddable":true,"href":"https:\/\/loisirs-cyclisme-crevecoeur.com\/index.php\/wp-json\/wp\/v2\/tags?post=412"}],"curies":[{"name":"wp","href":"https:\/\/api.w.org\/{rel}","templated":true}]}}