{"id":302,"date":"2018-04-18T22:17:04","date_gmt":"2018-04-18T20:17:04","guid":{"rendered":"https:\/\/www.loisirs-cyclisme-crevecoeur.com\/?p=302"},"modified":"2024-11-05T12:24:47","modified_gmt":"2024-11-05T11:24:47","slug":"prix-du-printemps-2018","status":"publish","type":"post","link":"https:\/\/loisirs-cyclisme-crevecoeur.com\/index.php\/2018\/04\/18\/prix-du-printemps-2018\/","title":{"rendered":"Prix du Printemps 2018"},"content":{"rendered":"<p>C\u2019est dans un froid glacial que s\u2019est d\u00e9roul\u00e9 le Prix du Printemps \u00e0 Cr\u00e8vec\u0153ur-le-Grand 2018.<\/p>\n<p>Ce sont tout d\u2019abord les 3<sup>\u00e8mes<\/sup> cat\u00e9gorie et les GS qui s\u2019\u00e9lancent pour 5 tours de circuit, soit 61,5 km.<\/p>\n<p>En 3<sup>\u00e8me <\/sup>cat\u00e9gorie, un groupe de 6 hommes s\u2019\u00e9chappe d\u00e8s le 1<sup>er<\/sup> tour. Suite \u00e0 une crevaison, ils ne sont plus que 5. Le peloton a du mal \u00e0 organiser la poursuite et l\u2019\u00e9chapp\u00e9e prend le large. Morgan CLERET (US Ezanville Ecouen) arrive \u00e0 s\u2019extirper du groupe de t\u00eate pour franchir la ligne en vainqueur. Jean-Michel DUGUET (VC Verneuil en Halatte) et Emmanuel MULLARD (SC Rochy Cond\u00e9) prennent respectivement les 2<sup>\u00e8me<\/sup> et 3<sup>\u00e8me<\/sup> places.<\/p>\n<p><img loading=\"lazy\" decoding=\"async\" class=\"size-medium wp-image-304 aligncenter\" src=\"https:\/\/www.loisirs-cyclisme-crevecoeur.com\/wp-content\/uploads\/2018\/04\/Prix_printemps_2018_3-300x225.jpg\" alt=\"\" width=\"300\" height=\"225\" srcset=\"https:\/\/loisirs-cyclisme-crevecoeur.com\/wp-content\/uploads\/2018\/04\/Prix_printemps_2018_3-300x225.jpg 300w, https:\/\/loisirs-cyclisme-crevecoeur.com\/wp-content\/uploads\/2018\/04\/Prix_printemps_2018_3-768x576.jpg 768w, https:\/\/loisirs-cyclisme-crevecoeur.com\/wp-content\/uploads\/2018\/04\/Prix_printemps_2018_3-1024x768.jpg 1024w\" sizes=\"auto, (max-width: 300px) 100vw, 300px\" \/><\/p>\n<p>En GS, la course est plus longue \u00e0 se d\u00e9canter. Il faut attendre l\u2019avant dernier tour pour voir Jean-Ren\u00e9 DECLE (USC Amiens) s\u2019\u00e9chapper, suivi de Jean-No\u00ebl CLOAREC (CC St Germain sur Bresle). Le peloton ne r\u00e9agit pas tout de suite et la situation ne changera pas jusqu\u2019\u00e0 l\u2019arriv\u00e9e, Jean-Ren\u00e9 DECLE (USC Amiens) l\u2019emporte devant Jean-No\u00ebl CLOAREC (CC St Germain sur Bresle). Jean-Pierre CRUCIFIX (LC Cr\u00e8vec\u0153ur), 3<sup>\u00e8me<\/sup> de l\u2019\u00e9preuve, est r\u00e9compens\u00e9 en tant que 1<sup>er<\/sup> GS B (+ de 65 ans).<\/p>\n<p><img loading=\"lazy\" decoding=\"async\" class=\"alignnone size-medium wp-image-305\" src=\"https:\/\/www.loisirs-cyclisme-crevecoeur.com\/wp-content\/uploads\/2018\/04\/Prix_printemps_2018_gs-300x282.jpg\" alt=\"\" width=\"300\" height=\"282\" srcset=\"https:\/\/loisirs-cyclisme-crevecoeur.com\/wp-content\/uploads\/2018\/04\/Prix_printemps_2018_gs-300x282.jpg 300w, https:\/\/loisirs-cyclisme-crevecoeur.com\/wp-content\/uploads\/2018\/04\/Prix_printemps_2018_gs-768x722.jpg 768w, https:\/\/loisirs-cyclisme-crevecoeur.com\/wp-content\/uploads\/2018\/04\/Prix_printemps_2018_gs-1024x962.jpg 1024w\" sizes=\"auto, (max-width: 300px) 100vw, 300px\" \/> <img loading=\"lazy\" decoding=\"async\" class=\"size-medium wp-image-306 alignright\" src=\"https:\/\/www.loisirs-cyclisme-crevecoeur.com\/wp-content\/uploads\/2018\/04\/Prix_printemps_2018_gs_b-300x279.jpg\" alt=\"\" width=\"300\" height=\"279\" srcset=\"https:\/\/loisirs-cyclisme-crevecoeur.com\/wp-content\/uploads\/2018\/04\/Prix_printemps_2018_gs_b-300x279.jpg 300w, https:\/\/loisirs-cyclisme-crevecoeur.com\/wp-content\/uploads\/2018\/04\/Prix_printemps_2018_gs_b-768x714.jpg 768w, https:\/\/loisirs-cyclisme-crevecoeur.com\/wp-content\/uploads\/2018\/04\/Prix_printemps_2018_gs_b-1024x951.jpg 1024w\" sizes=\"auto, (max-width: 300px) 100vw, 300px\" \/><\/p>\n<p>Puis c\u2019est au tour des 1<sup>\u00e8res<\/sup> et 2<sup>\u00e8mes<\/sup> cat\u00e9gorie de s\u2019\u00e9lancer pour 6 tours de circuit, soit 73,8 km.<\/p>\n<p>En 1<sup>\u00e8re<\/sup> cat\u00e9gorie, 3 coureurs s\u2019\u00e9chappent d\u00e8s le 1<sup>er<\/sup> tour. L\u2019\u00e9cart se stabilise aux alentours de 40s sur un groupe d\u2019une dizaine de coureurs. Puis le groupe de contre acc\u00e9l\u00e8re et se rapproche rapidement des \u00e9chapp\u00e9s.\u00a0 Sentant le danger, Paul SEUWIN (LC Cr\u00e8vec\u0153ur) d\u00e9cide de laisser ses compagnons d\u2019\u00e9chapp\u00e9e Geoffrey CHORON (LC Cr\u00e8vec\u0153ur) et Romain ROUMEGOUX (CC Salou\u00ebl) pour partir seul. Il r\u00e9siste au retour du groupe pour s\u2019imposer en solitaire. C\u00e9dric DUBOS (VC M\u00e9ruvien) et Anthony MANSION (CC Salou\u00ebl) viennent prendre les places d\u2019honneur.<\/p>\n<p>(Voir ci dessous le r\u00e9sum\u00e9 de Paul)<\/p>\n<p><img loading=\"lazy\" decoding=\"async\" class=\"size-medium wp-image-307 aligncenter\" src=\"https:\/\/www.loisirs-cyclisme-crevecoeur.com\/wp-content\/uploads\/2018\/04\/Prix_printemps_2018_1-300x277.jpg\" alt=\"\" width=\"300\" height=\"277\" srcset=\"https:\/\/loisirs-cyclisme-crevecoeur.com\/wp-content\/uploads\/2018\/04\/Prix_printemps_2018_1-300x277.jpg 300w, https:\/\/loisirs-cyclisme-crevecoeur.com\/wp-content\/uploads\/2018\/04\/Prix_printemps_2018_1-768x710.jpg 768w, https:\/\/loisirs-cyclisme-crevecoeur.com\/wp-content\/uploads\/2018\/04\/Prix_printemps_2018_1-1024x947.jpg 1024w\" sizes=\"auto, (max-width: 300px) 100vw, 300px\" \/><\/p>\n<p>En 2<sup>\u00e8me<\/sup> cat\u00e9gorie, 5 hommes partent dans le 1<sup>er<\/sup> tour, ils s\u2019entendent bien et accentuent leur avance. A mi-course le peloton r\u00e9duit l\u2019\u00e9cart. Gauthier SEYS (AC Ami\u00e9noise) d\u00e9cide alors de partir seul. Tout comme chez les 1<sup>\u00e8res <\/sup>cat\u00e9gories, il r\u00e9ussira \u00e0 maintenir le groupe de contre \u00e0 distance pour venir s\u2019imposer. Pascal TASSEL (VC M\u00e9ruvien) et Josu\u00e9 DEMARE (CC Formerie) compl\u00e8tent le podium.<\/p>\n<p><img loading=\"lazy\" decoding=\"async\" class=\"size-medium wp-image-308 aligncenter\" src=\"https:\/\/www.loisirs-cyclisme-crevecoeur.com\/wp-content\/uploads\/2018\/04\/Prix_printemps_2018__2-300x298.jpg\" alt=\"\" width=\"300\" height=\"298\" srcset=\"https:\/\/loisirs-cyclisme-crevecoeur.com\/wp-content\/uploads\/2018\/04\/Prix_printemps_2018__2-300x298.jpg 300w, https:\/\/loisirs-cyclisme-crevecoeur.com\/wp-content\/uploads\/2018\/04\/Prix_printemps_2018__2-150x150.jpg 150w, https:\/\/loisirs-cyclisme-crevecoeur.com\/wp-content\/uploads\/2018\/04\/Prix_printemps_2018__2-768x762.jpg 768w, https:\/\/loisirs-cyclisme-crevecoeur.com\/wp-content\/uploads\/2018\/04\/Prix_printemps_2018__2-1024x1016.jpg 1024w, https:\/\/loisirs-cyclisme-crevecoeur.com\/wp-content\/uploads\/2018\/04\/Prix_printemps_2018__2-90x90.jpg 90w\" sizes=\"auto, (max-width: 300px) 100vw, 300px\" \/><\/p>\n<p>En cadet, Tom CHARRAUD (AC Montdidier) s\u2019impose, tout comme Tanguy VERVELLE (AC Ami\u00e9noise) en minime.<\/p>\n<p><img loading=\"lazy\" decoding=\"async\" class=\"size-medium wp-image-309 alignleft\" src=\"https:\/\/www.loisirs-cyclisme-crevecoeur.com\/wp-content\/uploads\/2018\/04\/Prix_printemps_2018_cadet-300x300.jpg\" alt=\"\" width=\"300\" height=\"300\" srcset=\"https:\/\/loisirs-cyclisme-crevecoeur.com\/wp-content\/uploads\/2018\/04\/Prix_printemps_2018_cadet-300x300.jpg 300w, https:\/\/loisirs-cyclisme-crevecoeur.com\/wp-content\/uploads\/2018\/04\/Prix_printemps_2018_cadet-150x150.jpg 150w, https:\/\/loisirs-cyclisme-crevecoeur.com\/wp-content\/uploads\/2018\/04\/Prix_printemps_2018_cadet-768x768.jpg 768w, https:\/\/loisirs-cyclisme-crevecoeur.com\/wp-content\/uploads\/2018\/04\/Prix_printemps_2018_cadet-1024x1024.jpg 1024w, https:\/\/loisirs-cyclisme-crevecoeur.com\/wp-content\/uploads\/2018\/04\/Prix_printemps_2018_cadet-90x90.jpg 90w\" sizes=\"auto, (max-width: 300px) 100vw, 300px\" \/> <img loading=\"lazy\" decoding=\"async\" class=\"size-medium wp-image-310 alignright\" src=\"https:\/\/www.loisirs-cyclisme-crevecoeur.com\/wp-content\/uploads\/2018\/04\/Prix_printemps_2018_minime-300x225.jpg\" alt=\"\" width=\"300\" height=\"225\" srcset=\"https:\/\/loisirs-cyclisme-crevecoeur.com\/wp-content\/uploads\/2018\/04\/Prix_printemps_2018_minime-300x225.jpg 300w, https:\/\/loisirs-cyclisme-crevecoeur.com\/wp-content\/uploads\/2018\/04\/Prix_printemps_2018_minime-768x576.jpg 768w, https:\/\/loisirs-cyclisme-crevecoeur.com\/wp-content\/uploads\/2018\/04\/Prix_printemps_2018_minime-1024x768.jpg 1024w\" sizes=\"auto, (max-width: 300px) 100vw, 300px\" \/><\/p>\n<p>&nbsp;<\/p>\n<p>&nbsp;<\/p>\n<p>&nbsp;<\/p>\n<p>&nbsp;<\/p>\n<p>&nbsp;<\/p>\n<p>&nbsp;<\/p>\n<p>&nbsp;<\/p>\n<p>&nbsp;<\/p>\n<p>&nbsp;<\/p>\n<p>Les r\u00e9sultats complets :<\/p>\n<p>[embeddoc url=&#8221;https:\/\/www.loisirs-cyclisme-crevecoeur.com\/wp-content\/uploads\/2018\/04\/Classements-Prix-du-Printemps-2018.pdf&#8221; viewer=&#8221;google&#8221;]<\/p>\n<p>&nbsp;<\/p>\n<p>Paul SEUWIN nous raconte sa course :<\/p>\n<p><em>&#8220;Pour commencer, je tiens \u00e0 dire un grand merci aux signaleurs ainsi qu&#8217;aux membres de l\u2019organisation! Et \u00e9videmment aux <\/em><em>co\u00e9quipiers!<\/em><br \/>\n<em>Il faut se rendre \u00e0 l\u2019\u00e9vidence, de printemps cette course n\u2019en avait que le nom\u2026 Froid, il devait faire et froid<\/em><br \/>\n<em>nous avons eu\u2026 Au d\u00e9part de la course, avec les coll\u00e8gues du club nous avions d\u00e9cid\u00e9 de jouer<\/em><br \/>\n<em>imm\u00e9diatement devant : vent de trois-quarts face et froid la vigilance \u00e9tait de mise !<\/em><br \/>\n<em>Avec les copains, nous faisons le boulot direct&#8230; 4 de chez nous devant\u2026<\/em><br \/>\n<em>Au bout de la ligne droite, virage \u00e0 droite nous partons, \u00e0 3 (Geoffrey du LCC, Romain de Salou\u00ebl et moi m\u00eame), <\/em><em>les copains derri\u00e8re font le boulot, nous permettant de prendre le large facilement\u2026<\/em><br \/>\n<em>Sur les 6 tours \u00e0 parcourir, les 4 premiers sont plut\u00f4t calmes nous nous entendons \u00e0 la perfection. \u00c0 la fin<\/em><br \/>\n<em>du 4\u00e8me tour, nous r\u00e9alisons qu\u2019un groupe d\u2019une dizaine de coureurs rentre sur nous rapidement\u2026 Nous<\/em><br \/>\n<em>tentons d\u2019embrayer, mais je m&#8217;aper\u00e7ois que cela n\u2019est pas suffisant, Geoffrey n\u2019est pas dans sa meilleure<\/em><br \/>\n<em>forme (et cela est bien normal&#8230;). \u00c0 la fin du cinqui\u00e8me, nous ne comptons plus que 15s, il est temps de<\/em><br \/>\n<em>changer de strat\u00e9gie\u2026 Je me sens bien, et m\u00eame tr\u00e8s bien\u2026<\/em><br \/>\n<em>Geoffrey laisse un trou dans une relance, il fait le frein, je pars donc solo pour 12km\u2026 Les jambes sont<\/em><br \/>\n<em>dures, dans la premi\u00e8re ligne droit vent de \u00be face, mais j\u2019arrive \u00e0 me pr\u00e9server, apr\u00e8s avoir vir\u00e9, je peux<\/em><br \/>\n<em>enfin l\u00e2cher les chevaux et \u00e9craser les p\u00e9dales.<\/em><br \/>\n<em>C\u2019est alors que je me retourne et que je vois une voiture avec un gyrophare juste derri\u00e8re moi, je me dis<\/em><br \/>\n<em>&#8220;mince, ils sont juste l\u00e0&#8230;&#8221; OK, je monte dans les tours \u00e0 bloc&#8230;. L\u00e0, une personne me dit &#8220;grand, tu as<\/em><br \/>\n<em>1min30&#8243; je ne comprends pas et je me dis que j&#8217;ai d\u00fb mal comprendre&#8230;. J&#8217;en remets une&#8230; Une seconde<\/em><br \/>\n<em>personne me pr\u00e9vient &#8220;1min40\u201d, c&#8217;est bon !<\/em><br \/>\n<em>Je file vers la ligne d&#8217;arriv\u00e9e&#8230;<\/em><br \/>\n<em>Ouf enfin une victoire en premi\u00e8re cat\u00e9gorie&#8230;<\/em><br \/>\n<em>La saison du LCC est lanc\u00e9e, avec les copains nous avons travaill\u00e9, nous sommes pr\u00eats !<\/em><br \/>\n<em>Grosse pens\u00e9e pour Eddy, courage mec!&#8221;<\/em><\/p>\n","protected":false},"excerpt":{"rendered":"<p>C\u2019est dans un froid glacial que s\u2019est d\u00e9roul\u00e9 le Prix du Printemps \u00e0 Cr\u00e8vec\u0153ur-le-Grand 2018. Ce sont tout d\u2019abord les [&hellip;]<\/p>\n","protected":false},"author":1,"featured_media":0,"comment_status":"closed","ping_status":"closed","sticky":false,"template":"","format":"standard","meta":{"_uag_custom_page_level_css":"","site-sidebar-layout":"default","site-content-layout":"","ast-site-content-layout":"default","site-content-style":"default","site-sidebar-style":"default","ast-global-header-display":"","ast-banner-title-visibility":"","ast-main-header-display":"","ast-hfb-above-header-display":"","ast-hfb-below-header-display":"","ast-hfb-mobile-header-display":"","site-post-title":"","ast-breadcrumbs-content":"","ast-featured-img":"","footer-sml-layout":"","ast-disable-related-posts":"","theme-transparent-header-meta":"","adv-header-id-meta":"","stick-header-meta":"","header-above-stick-meta":"","header-main-stick-meta":"","header-below-stick-meta":"","astra-migrate-meta-layouts":"default","ast-page-background-enabled":"default","ast-page-background-meta":{"desktop":{"background-color":"var(--ast-global-color-4)","background-image":"","background-repeat":"repeat","background-position":"center center","background-size":"auto","background-attachment":"scroll","background-type":"","background-media":"","overlay-type":"","overlay-color":"","overlay-opacity":"","overlay-gradient":""},"tablet":{"background-color":"","background-image":"","background-repeat":"repeat","background-position":"center center","background-size":"auto","background-attachment":"scroll","background-type":"","background-media":"","overlay-type":"","overlay-color":"","overlay-opacity":"","overlay-gradient":""},"mobile":{"background-color":"","background-image":"","background-repeat":"repeat","background-position":"center center","background-size":"auto","background-attachment":"scroll","background-type":"","background-media":"","overlay-type":"","overlay-color":"","overlay-opacity":"","overlay-gradient":""}},"ast-content-background-meta":{"desktop":{"background-color":"var(--ast-global-color-5)","background-image":"","background-repeat":"repeat","background-position":"center center","background-size":"auto","background-attachment":"scroll","background-type":"","background-media":"","overlay-type":"","overlay-color":"","overlay-opacity":"","overlay-gradient":""},"tablet":{"background-color":"var(--ast-global-color-5)","background-image":"","background-repeat":"repeat","background-position":"center center","background-size":"auto","background-attachment":"scroll","background-type":"","background-media":"","overlay-type":"","overlay-color":"","overlay-opacity":"","overlay-gradient":""},"mobile":{"background-color":"var(--ast-global-color-5)","background-image":"","background-repeat":"repeat","background-position":"center center","background-size":"auto","background-attachment":"scroll","background-type":"","background-media":"","overlay-type":"","overlay-color":"","overlay-opacity":"","overlay-gradient":""}},"footnotes":""},"categories":[23],"tags":[],"class_list":["post-302","post","type-post","status-publish","format-standard","hentry","category-resultats"],"uagb_featured_image_src":{"full":false,"thumbnail":false,"medium":false,"medium_large":false,"large":false,"1536x1536":false,"2048x2048":false},"uagb_author_info":{"display_name":"Olivier DE SAINT FUSCIEN","author_link":"https:\/\/loisirs-cyclisme-crevecoeur.com\/index.php\/author\/lccrevecoeur_admin\/"},"uagb_comment_info":0,"uagb_excerpt":"C\u2019est dans un froid glacial que s\u2019est d\u00e9roul\u00e9 le Prix du Printemps \u00e0 Cr\u00e8vec\u0153ur-le-Grand 2018. Ce sont tout d\u2019abord les [&hellip;]","_links":{"self":[{"href":"https:\/\/loisirs-cyclisme-crevecoeur.com\/index.php\/wp-json\/wp\/v2\/posts\/302","targetHints":{"allow":["GET"]}}],"collection":[{"href":"https:\/\/loisirs-cyclisme-crevecoeur.com\/index.php\/wp-json\/wp\/v2\/posts"}],"about":[{"href":"https:\/\/loisirs-cyclisme-crevecoeur.com\/index.php\/wp-json\/wp\/v2\/types\/post"}],"author":[{"embeddable":true,"href":"https:\/\/loisirs-cyclisme-crevecoeur.com\/index.php\/wp-json\/wp\/v2\/users\/1"}],"replies":[{"embeddable":true,"href":"https:\/\/loisirs-cyclisme-crevecoeur.com\/index.php\/wp-json\/wp\/v2\/comments?post=302"}],"version-history":[{"count":7,"href":"https:\/\/loisirs-cyclisme-crevecoeur.com\/index.php\/wp-json\/wp\/v2\/posts\/302\/revisions"}],"predecessor-version":[{"id":339,"href":"https:\/\/loisirs-cyclisme-crevecoeur.com\/index.php\/wp-json\/wp\/v2\/posts\/302\/revisions\/339"}],"wp:attachment":[{"href":"https:\/\/loisirs-cyclisme-crevecoeur.com\/index.php\/wp-json\/wp\/v2\/media?parent=302"}],"wp:term":[{"taxonomy":"category","embeddable":true,"href":"https:\/\/loisirs-cyclisme-crevecoeur.com\/index.php\/wp-json\/wp\/v2\/categories?post=302"},{"taxonomy":"post_tag","embeddable":true,"href":"https:\/\/loisirs-cyclisme-crevecoeur.com\/index.php\/wp-json\/wp\/v2\/tags?post=302"}],"curies":[{"name":"wp","href":"https:\/\/api.w.org\/{rel}","templated":true}]}}